{"id":6938,"date":"2021-04-23T20:56:13","date_gmt":"2021-04-23T18:56:13","guid":{"rendered":"https:\/\/geniwal.be\/?p=6938"},"modified":"2023-04-04T19:06:58","modified_gmt":"2023-04-04T17:06:58","slug":"buls-charles","status":"publish","type":"post","link":"https:\/\/geniwal.be\/it\/nos-pistes\/personnalites-belges\/buls-charles\/","title":{"rendered":"BULS Carlo"},"content":{"rendered":"<div id=\"attachment_6941\" style=\"width: 510px\" class=\"wp-caption aligncenter\"><img decoding=\"async\" aria-describedby=\"caption-attachment-6941\" class=\"wp-image-6941 lazyload\" data-src=\"https:\/\/geniwal.be\/wp-content\/uploads\/2021\/04\/BULS-Charles.jpg\" alt=\"\" width=\"500\" height=\"430\" src=\"data:image\/svg+xml;base64,PHN2ZyB3aWR0aD0iMSIgaGVpZ2h0PSIxIiB4bWxucz0iaHR0cDovL3d3dy53My5vcmcvMjAwMC9zdmciPjwvc3ZnPg==\" style=\"--smush-placeholder-width: 500px; --smush-placeholder-aspect-ratio: 500\/430;\" \/><p id=\"caption-attachment-6941\" class=\"wp-caption-text\">BULS Charles Gommaire Fran\u00e7ois nacque a Bruxelles il 13 ottobre 1837 alle 11 di sera, figlio di BULS Charles Jacques e HELLEMANS Anne Th\u00e9r\u00e8se Jos\u00e9phine.<\/p><\/div>\n<p>&nbsp;<\/p>\n<div id=\"attachment_6942\" style=\"width: 1034px\" class=\"wp-caption aligncenter\"><img decoding=\"async\" aria-describedby=\"caption-attachment-6942\" class=\"wp-image-6942 size-large lazyload\" data-src=\"https:\/\/geniwal.be\/wp-content\/uploads\/2021\/04\/BULS-Charles-1-1024x300.jpg\" alt=\"\" width=\"1024\" height=\"300\" src=\"data:image\/svg+xml;base64,PHN2ZyB3aWR0aD0iMSIgaGVpZ2h0PSIxIiB4bWxucz0iaHR0cDovL3d3dy53My5vcmcvMjAwMC9zdmciPjwvc3ZnPg==\" style=\"--smush-placeholder-width: 1024px; --smush-placeholder-aspect-ratio: 1024\/300;\" \/><p id=\"caption-attachment-6942\" class=\"wp-caption-text\">Certificato di nascita di BULS Charles Gommaire Joseph<\/p><\/div>\n<p>&nbsp;<\/p>\n<p style=\"text-align: left;\"><span style=\"font-family: arial, helvetica, sans-serif; font-size: 14pt;\">Il padre, noto orafo di Bruxelles, gli permise di studiare presso un'universit\u00e0. Orafo come il padre, fu un autodidatta letterato che viaggi\u00f2 in tutta Europa. Nel 1864 fond\u00f2 la Ligue de l'Enseignement, di cui fu rappresentante dal 1882 al 1914 e dal 1886 al 1884. Nel 1877 si candid\u00f2 alle elezioni politiche e nel 1877 fu nominato consigliere comunale. La sua ascesa ai vertici inizi\u00f2 nel 1877, quando l'8 febbraio 1879 fu nominato assessore all'istruzione pubblica, incarico che svolse al meglio delle sue capacit\u00e0, e nel 1881 assunse la carica di borgomastro di Bruxelles dal 1891 al 1899.<br \/>\n\u00c8 anche legato alla scuola modello, alla borsa lavoro, alle prime case operaie, all'urbanistica e al restauro della Grand-Place. Ha pubblicato diari di viaggio e <em>L'Esth\u00e9tique des villes, La Restauration des monuments anciens, L'Isolation des vieilles \u00e9glises, ecc. <\/em>\u00c8 stato anche critico d'arte. \u00c8 stato membro dell'Accademia Reale del Belgio.<br \/>\nCharles BULS mor\u00ec pochi giorni prima dello scoppio della Prima Guerra Mondiale, il 13 luglio 1914 (il suo certificato di morte non \u00e8 ancora disponibile). Nella sua casa di rue du Beau-Site \u00e8 stato trovato un testamento scritto di suo pugno, datato 3 giugno 1888: \"Voglio essere sepolto civilmente in privato, senza discorsi\".<br \/>\nDurante la riunione del 14 luglio 1914, il sindaco Adolphe <strong>MAX<\/strong> ha invitato il Consiglio a decidere che la citt\u00e0 di Bruxelles eriga un monumento. Nelle sue ultime volont\u00e0, il defunto stabil\u00ec che nessun segno avrebbe dovuto ornare la sua tomba. Il sito fu scelto solo nel 1917 e l'amministrazione cittadina decise di piantare fiori e di mantenere un piccolo giardino come per le tombe militari.<\/span><\/p>\n<p style=\"text-align: left;\"><span style=\"font-size: 14pt;\"><strong><span style=\"font-family: arial, helvetica, sans-serif;\">Leggi anche :<\/span><\/strong><\/span><br \/>\n<span style=\"font-family: arial, helvetica, sans-serif; font-size: 12pt;\">https:\/\/plus.lesoir.be\/art\/598900\/article\/14-18\/archives-14-18\/2014-07-14\/mort-m-charles-buls#:~:text=%20Mort%20de%20M.%20Charles%20Buls%20%201,Buls%20re%C3%A7u%2C%20avenue%20Louise%2C%20dans%20des&#8230;%20More%20<\/span><\/p>\n<p style=\"text-align: left;\"><span style=\"font-family: arial, helvetica, sans-serif; font-size: 14pt;\"><strong>Fonti :<\/strong><br \/>\n<span style=\"font-size: 12pt;\"><strong>BULS<\/strong> Charles, Le petit dictionnaire des Belges, Le cri RTBF 1993, p. 88<\/span><br \/>\n<span style=\"font-size: 12pt;\">C\u00e9cilia VANDERVELDE, la n\u00e9crople de Bruxelles, Commissione di Storia dell'Europa, 1991, p36<\/span><\/span><\/p>","protected":false},"excerpt":{"rendered":"<p>&nbsp; &nbsp; Son p\u00e8re, un orf\u00e8vre bien connu de Bruxelles, lui permit faire des \u00e9tudes dans une ath\u00e9n\u00e9e, Orf\u00e8vre comme son p\u00e8re, Il \u00e9tait un autodidacte lettr\u00e9, et voyageur ; [&hellip;]<\/p>\n","protected":false},"author":2,"featured_media":6942,"comment_status":"closed","ping_status":"open","sticky":false,"template":"","format":"standard","meta":{"_et_pb_use_builder":"","_et_pb_old_content":"","_et_gb_content_width":"","footnotes":""},"categories":[93,89],"tags":[],"class_list":["post-6938","post","type-post","status-publish","format-standard","has-post-thumbnail","hentry","category-nos-pistes","category-personnalites-belges","et-has-post-format-content","et_post_format-et-post-format-standard"],"aioseo_notices":[],"_links":{"self":[{"href":"https:\/\/geniwal.be\/it\/wp-json\/wp\/v2\/posts\/6938","targetHints":{"allow":["GET"]}}],"collection":[{"href":"https:\/\/geniwal.be\/it\/wp-json\/wp\/v2\/posts"}],"about":[{"href":"https:\/\/geniwal.be\/it\/wp-json\/wp\/v2\/types\/post"}],"author":[{"embeddable":true,"href":"https:\/\/geniwal.be\/it\/wp-json\/wp\/v2\/users\/2"}],"replies":[{"embeddable":true,"href":"https:\/\/geniwal.be\/it\/wp-json\/wp\/v2\/comments?post=6938"}],"version-history":[{"count":0,"href":"https:\/\/geniwal.be\/it\/wp-json\/wp\/v2\/posts\/6938\/revisions"}],"wp:featuredmedia":[{"embeddable":true,"href":"https:\/\/geniwal.be\/it\/wp-json\/wp\/v2\/media\/6942"}],"wp:attachment":[{"href":"https:\/\/geniwal.be\/it\/wp-json\/wp\/v2\/media?parent=6938"}],"wp:term":[{"taxonomy":"category","embeddable":true,"href":"https:\/\/geniwal.be\/it\/wp-json\/wp\/v2\/categories?post=6938"},{"taxonomy":"post_tag","embeddable":true,"href":"https:\/\/geniwal.be\/it\/wp-json\/wp\/v2\/tags?post=6938"}],"curies":[{"name":"wp","href":"https:\/\/api.w.org\/{rel}","templated":true}]}}