{"id":6950,"date":"2021-04-24T16:39:05","date_gmt":"2021-04-24T14:39:05","guid":{"rendered":"https:\/\/geniwal.be\/?p=6950"},"modified":"2023-04-04T19:08:11","modified_gmt":"2023-04-04T17:08:11","slug":"de-brouckere-charles-marie-ghislain","status":"publish","type":"post","link":"https:\/\/geniwal.be\/it\/nos-pistes\/personnalites-belges\/de-brouckere-charles-marie-ghislain\/","title":{"rendered":"de BROUCKERE Charles Marie Joseph"},"content":{"rendered":"<div id=\"attachment_6954\" style=\"width: 410px\" class=\"wp-caption aligncenter\"><img decoding=\"async\" aria-describedby=\"caption-attachment-6954\" class=\"wp-image-6954 lazyload\" data-src=\"https:\/\/geniwal.be\/wp-content\/uploads\/2021\/04\/Charles_de_Brouckere-219x300.png\" alt=\"\" width=\"400\" height=\"548\" src=\"data:image\/svg+xml;base64,PHN2ZyB3aWR0aD0iMSIgaGVpZ2h0PSIxIiB4bWxucz0iaHR0cDovL3d3dy53My5vcmcvMjAwMC9zdmciPjwvc3ZnPg==\" style=\"--smush-placeholder-width: 400px; --smush-placeholder-aspect-ratio: 400\/548;\" \/><p id=\"caption-attachment-6954\" class=\"wp-caption-text\">de BROUCKERE Charles Marie Joseph<\/p><\/div>\n<p>&nbsp;<\/p>\n<p class=\"definition\" style=\"text-align: left;\"><span style=\"font-family: arial, helvetica, sans-serif; font-size: 14pt;\"><img decoding=\"async\" class=\"aligncenter wp-image-6958 size-large lazyload\" data-src=\"https:\/\/geniwal.be\/wp-content\/uploads\/2021\/04\/MAUBRAY_NAISSANCES_EC_1897_036-1024x388.jpg\" alt=\"\" width=\"1024\" height=\"388\" src=\"data:image\/svg+xml;base64,PHN2ZyB3aWR0aD0iMSIgaGVpZ2h0PSIxIiB4bWxucz0iaHR0cDovL3d3dy53My5vcmcvMjAwMC9zdmciPjwvc3ZnPg==\" style=\"--smush-placeholder-width: 1024px; --smush-placeholder-aspect-ratio: 1024\/388;\" \/><\/span><\/p>\n<p>&nbsp;<\/p>\n<p style=\"text-align: left;\"><span style=\"font-family: arial, helvetica, sans-serif; font-size: 14pt;\">Politico liberale, nato a Bruges il 18 gennaio 1796 e morto a Bruxelles il 20 aprile 1860. Figlio di <strong>Charles de BROUCKERE<\/strong> e <strong>de STOOP<\/strong> Colette, sposata a Maastricht il 02\/09\/1819 Paesi Bassi con <strong>VISSCHERS Marie Gertrude<\/strong> nata il 02 settembre 1798 a Maastricht, morta il 07\/02\/1876 a Bruxelles, figlia di VISSCHERS Guillaume e NIJST Marie Elisabeth. Da questa unione nacque Elisabeth Marie Charlotte. <strong>de BROUCKERE <\/strong>nato il 24\/07\/1820, Alfred <strong>de BROUCKERE nato<\/strong> 19\/02\/1827 e Caroline Marie <strong>de BROUCKERE <\/strong>nato il 22\/08\/1828 a Maastricht (Paesi Bassi) e poi legato al Belgio fino al 1839, avvocato, nel 1815 ufficiale di artiglieria, nel 1824 membro degli stati provinciali e della deputazione permanente di Limbourg, nel 1826 membro della seconda camera degli stati generali sotto il regime olandese, nel 1830 colonnello di artiglieria e governatore militare della provincia di Liegi, membro del Comitato per la Costituzione, ebbe un ruolo importante nella Rivoluzione belga, nel 1831 membro del Congresso nazionale per il distretto di Hasselt, nel 1831 aiutante di campo del re, rappresent\u00f2 il distretto di Bruxelles alla Camera dal 1831 al 1832, nel 1831 divenne ministro delle Finanze e degli Interni, poi ministro della Guerra tra il 1831 e il 1832, nel 1834 professore all'Universit\u00e0 libera di Bruxelles dove insegn\u00f2 matematica speciale, astronomia, statistica ed economia politica, nel 1835 direttore della Banca del Belgio, nel 1847 fu membro del Consiglio comunale di Bruxelles, dal 1848 al 1856 e dal 1857 al 1860 membro della Camera dei Rappresentanti, nel 1851 e nel 1855 presidente della commissione belga alle Esposizioni universali di Londra e Parigi, e nel 1848 sindaco di Bruxelles, carica che mantenne fino alla morte, avvenuta alle 10 del mattino del 20 aprile 1860. Era fratello di <strong>Henri de BROUCKERE<\/strong><\/span><\/p>\n<p><span style=\"font-size: 14pt; font-family: arial, helvetica, sans-serif;\"><span style=\"text-decoration: underline;\">Dove trovare la tomba di de <strong>BROUCKERE Charles Marie Joseph<\/strong> nel<\/span> <span style=\"color: #0000ff;\"><a style=\"color: #0000ff;\" href=\"https:\/\/environnement.brussels\/fiche\/cimetiere-de-bruxelles\">Necropoli di Bruxelles<\/a><\/span><\/span><\/p>\n<div id=\"attachment_6968\" style=\"width: 410px\" class=\"wp-caption alignleft\"><img decoding=\"async\" aria-describedby=\"caption-attachment-6968\" class=\"wp-image-6968 lazyload\" data-src=\"https:\/\/geniwal.be\/wp-content\/uploads\/2021\/04\/img775.jpg\" alt=\"\" width=\"400\" height=\"563\" data-srcset=\"https:\/\/geniwal.be\/wp-content\/uploads\/2021\/04\/img775.jpg 628w, https:\/\/geniwal.be\/wp-content\/uploads\/2021\/04\/img775-450x633.jpg 450w, https:\/\/geniwal.be\/wp-content\/uploads\/2021\/04\/img775-600x845.jpg 600w, https:\/\/geniwal.be\/wp-content\/uploads\/2021\/04\/img775-213x300.jpg 213w, https:\/\/geniwal.be\/wp-content\/uploads\/2021\/04\/img775-300x422.jpg 300w\" data-sizes=\"(max-width: 400px) 100vw, 400px\" src=\"data:image\/svg+xml;base64,PHN2ZyB3aWR0aD0iMSIgaGVpZ2h0PSIxIiB4bWxucz0iaHR0cDovL3d3dy53My5vcmcvMjAwMC9zdmciPjwvc3ZnPg==\" style=\"--smush-placeholder-width: 400px; --smush-placeholder-aspect-ratio: 400\/563;\" \/><p id=\"caption-attachment-6968\" class=\"wp-caption-text\">Monumento funebre: de BROUCKERE Charles Marie Joseph al cimitero di Bruxelles<\/p><\/div>\n<p style=\"text-align: left;\"><span style=\"font-family: arial, helvetica, sans-serif; font-size: 14pt;\">I suoi funerali si svolsero il 22 aprile 1860, in una giornata nebbiosa e fredda: un imponente corteo lo condusse all'antica collegiata dei Santi Michel e Gudule, dove fu portato nel cimitero principale della citt\u00e0. <strong>Charles Marie Joseph de BROUCKERE<\/strong> \u00e8 stato trasferito nel 1871 dal <em>Cimitero Quartier L\u00e9opold<\/em> situato nel comune di Saint-Josse, vicino alla necropoli della citt\u00e0 di Bruxelles. Il suo monumento funebre fu realizzato nel 1861 dall'architetto <a href=\"https:\/\/geniwal.be\/it\/non-classe\/de-brouckere-charles-marie-joseph\/\"><strong>BEYAERT<\/strong><\/a> e lo scultore <strong>FIORI<\/strong>Si trova sull'ottavo prato del rondpoint des bourgmestres, concessione n. 12.  Il monumento \u00e8 realizzato in pietra francese con i seguenti simboli: una croce \"uno dei simboli attestati fin dai tempi pi\u00f9 antichi, in Egitto, Cina, Cnosso e Creta\", una fiamma \"In tutte le tradizioni, la fiamma \u00e8 simbolo di purificazione, illuminazione e amore spirituale. \u00c8 l'immagine dello spirito e della trascendenza, l'anima del fuoco\", torce rovesciate \"possono essere associate alla fiamma eterna, la torcia rovesciata \u00e8 il genio della morte\", foglie cadenti e rami di edera.<\/span><\/p>\n<p style=\"text-align: left;\"><span style=\"font-family: arial, helvetica, sans-serif; font-size: 12pt;\"><strong><span style=\"text-decoration: underline;\">Documento aggiuntivo relativo a<\/span>\u00a0:<\/strong> <strong>de BROUCKERE<\/strong> Charles Marie Joseph e <strong><span style=\"font-family: arial, helvetica, sans-serif;\">VISSCHERS Marie Gertrude<br \/>\n<\/span><\/strong><\/span><\/p>\n<p style=\"text-align: left;\"><span style=\"font-family: arial, helvetica, sans-serif;\">Certificato di nascita :\u00a0 <span style=\"color: #0000ff;\"><a style=\"color: #0000ff;\" href=\"https:\/\/geniwal.be\/it\/non-classe\/de-brouckere-charles-marie-joseph\/\"><strong>de BROUCKERE Charles Marie Joseph<\/strong><\/a><\/span><\/span><br \/>\n<span style=\"font-family: arial, helvetica, sans-serif;\">Consenso dei genitori al matrimonio : <span style=\"color: #0000ff;\"><a style=\"color: #0000ff;\" href=\"https:\/\/geniwal.be\/it\/non-classe\/de-brouckere-charles-marie-joseph\/\"><strong>de BROUCKERE Charles Marie Joseph<\/strong><\/a><\/span><\/span><br \/>\n<span style=\"font-family: arial, helvetica, sans-serif;\">Certificato di nascita : <span style=\"font-size: 12pt;\"><strong><span style=\"color: #0000ff;\"><a style=\"color: #0000ff;\" href=\"https:\/\/geniwal.be\/it\/non-classe\/de-brouckere-charles-marie-joseph\/\">VISSCHERS Marie Gertrude<\/a><\/span><br \/>\n<\/strong>Certificato di nascita :<strong><span style=\"color: #0000ff;\"><a style=\"color: #0000ff;\" href=\"https:\/\/geniwal.be\/it\/non-classe\/de-brouckere-charles-marie-joseph\/\">de BROUCKERE <\/a><\/span><span style=\"font-family: arial, helvetica, sans-serif; font-size: 14pt;\"><span style=\"font-size: 12pt; color: #0000ff;\">Elisabeth Marie Charlotte<\/span><br \/>\n<\/span><\/strong><span style=\"font-family: arial, helvetica, sans-serif; font-size: 14pt;\"><span style=\"font-size: 12pt;\">Certificato di nascita :<\/span><\/span><strong><span style=\"font-family: arial, helvetica, sans-serif; font-size: 14pt;\"><span style=\"color: #0000ff;\"><a style=\"color: #0000ff;\" href=\"https:\/\/geniwal.be\/it\/non-classe\/de-brouckere-charles-marie-joseph\/\"><span style=\"font-size: 12pt;\"> de BROUCKERE Caroline Marie<\/span><\/a><\/span><br \/>\n<\/span><\/strong><\/span><\/span><\/p>\n<p>&nbsp;<\/p>\n<p>&nbsp;<\/p>\n<p>&nbsp;<\/p>\n<p style=\"text-align: left;\"><span style=\"font-family: arial, helvetica, sans-serif;\"><strong><br \/>\n<span style=\"font-size: 14pt;\">Credito fotografico :<br \/>\n<\/span><\/strong><br \/>\n<span style=\"text-decoration: underline;\"><span style=\"color: #0000ff; text-decoration: underline;\">https:\/\/www.google.com\/search?rlz=1C1CHBF_frBE917BE917&amp;sxsrf=ALeKk03P-wgjoX_heF8ZMqaNkUVPpNrD3Q:1619281957347&amp;source=univ&amp;tbm=isch&amp;q=Images+DE+BROUCKERE+Charles&amp;sa=X&amp;ved=2ahUKEwio_u6up5fwAhVjMewKHc1pCCMQjJkEegQIBRAB&amp;biw=1920&amp;bih=880#imgrc=FzyJApANau5l3M<\/span><\/span><br \/>\n<span style=\"text-decoration: underline;\"><span style=\"color: #0000ff; text-decoration: underline;\">https:\/\/fr.wikipedia.org\/wiki\/Charles_de_Brouck%C3%A8re<\/span><\/span><br \/>\n<span style=\"text-decoration: underline;\"><span style=\"color: #0000ff; text-decoration: underline;\">https:\/\/www.familiekunde-brussel.be\/pdf\/burgemeesters\/vs2000_bb_laporte_121-130_de-brouckere.pdf<\/span><\/span><br \/>\n<\/span><\/p>\n<p style=\"text-align: left;\"><span style=\"font-size: 14pt;\"><strong><span style=\"font-family: arial, helvetica, sans-serif;\">Fonti :<br \/>\n<\/span><\/strong><\/span><br \/>\n<span style=\"font-family: arial, helvetica, sans-serif;\"> Le nouveau dictionnaire des Belges, edito da Le CRI, 1993, p 167\u00a0<\/span><br \/>\n<span style=\"font-family: arial, helvetica, sans-serif;\">C\u00e9cilia <strong>VANDERVELDE<\/strong>La n\u00e9cropole de Bruxelles, pubblicato dalla Commissione per la storia d'Europa, 1991, p. 35<\/span><\/p>\n<p>Tutti i diritti riservati<br \/>\n<strong><span style=\"font-family: arial, helvetica, sans-serif; font-size: 12pt;\">Yves Heraly<\/span><\/strong><\/p>\n<p>&nbsp;<\/p>","protected":false},"excerpt":{"rendered":"<p>&nbsp; &nbsp; Homme politique lib\u00e9ral, n\u00e9 \u00e0 Bruges le 18 janvier 1796 et d\u00e9c\u00e9d\u00e9 \u00e0 Bruxelles le 20 avril 1860. Fils de Charles de BROUCKERE et de STOOP Colette, mari\u00e9 [&hellip;]<\/p>\n","protected":false},"author":2,"featured_media":6968,"comment_status":"closed","ping_status":"open","sticky":false,"template":"","format":"standard","meta":{"_et_pb_use_builder":"","_et_pb_old_content":"","_et_gb_content_width":"","footnotes":""},"categories":[93,89],"tags":[],"class_list":["post-6950","post","type-post","status-publish","format-standard","has-post-thumbnail","hentry","category-nos-pistes","category-personnalites-belges","et-has-post-format-content","et_post_format-et-post-format-standard"],"aioseo_notices":[],"_links":{"self":[{"href":"https:\/\/geniwal.be\/it\/wp-json\/wp\/v2\/posts\/6950","targetHints":{"allow":["GET"]}}],"collection":[{"href":"https:\/\/geniwal.be\/it\/wp-json\/wp\/v2\/posts"}],"about":[{"href":"https:\/\/geniwal.be\/it\/wp-json\/wp\/v2\/types\/post"}],"author":[{"embeddable":true,"href":"https:\/\/geniwal.be\/it\/wp-json\/wp\/v2\/users\/2"}],"replies":[{"embeddable":true,"href":"https:\/\/geniwal.be\/it\/wp-json\/wp\/v2\/comments?post=6950"}],"version-history":[{"count":0,"href":"https:\/\/geniwal.be\/it\/wp-json\/wp\/v2\/posts\/6950\/revisions"}],"wp:featuredmedia":[{"embeddable":true,"href":"https:\/\/geniwal.be\/it\/wp-json\/wp\/v2\/media\/6968"}],"wp:attachment":[{"href":"https:\/\/geniwal.be\/it\/wp-json\/wp\/v2\/media?parent=6950"}],"wp:term":[{"taxonomy":"category","embeddable":true,"href":"https:\/\/geniwal.be\/it\/wp-json\/wp\/v2\/categories?post=6950"},{"taxonomy":"post_tag","embeddable":true,"href":"https:\/\/geniwal.be\/it\/wp-json\/wp\/v2\/tags?post=6950"}],"curies":[{"name":"wp","href":"https:\/\/api.w.org\/{rel}","templated":true}]}}