{"id":8119,"date":"2021-12-04T21:46:21","date_gmt":"2021-12-04T20:46:21","guid":{"rendered":"https:\/\/geniwal.be\/?p=8119"},"modified":"2021-12-04T22:23:20","modified_gmt":"2021-12-04T21:23:20","slug":"depage-antoine","status":"publish","type":"post","link":"https:\/\/geniwal.be\/it\/nos-pistes\/pistes-genealogiques-en-belgique\/archive-en-belgique\/archives-militaires\/depage-antoine\/","title":{"rendered":"DE PAGE Antoine"},"content":{"rendered":"<p>&nbsp;<\/p>\n<p><img decoding=\"async\" class=\"aligncenter wp-image-8120 lazyload\" data-src=\"https:\/\/geniwal.be\/wp-content\/uploads\/2021\/12\/260px-Antoine_Depage-207x300.jpg\" alt=\"\" width=\"300\" height=\"435\" src=\"data:image\/svg+xml;base64,PHN2ZyB3aWR0aD0iMSIgaGVpZ2h0PSIxIiB4bWxucz0iaHR0cDovL3d3dy53My5vcmcvMjAwMC9zdmciPjwvc3ZnPg==\" style=\"--smush-placeholder-width: 300px; --smush-placeholder-aspect-ratio: 300\/435;\" \/><\/p>\n<p style=\"text-align: center;\"><span style=\"font-family: arial, helvetica, sans-serif; font-size: 14pt;\">Nato a Boitsfort il <time class=\"nowrap date-lien\" datetime=\"1862-11-28\" data-sort-value=\"1862-11-28\">28 novembre 1862<\/time> ed \u00e8 morto a L'Aia (Den Hage) il <time class=\"nowrap date-lien\" datetime=\"1925-06-10\" data-sort-value=\"1925-06-10\">10 giugno 1925<\/time>.<\/span><\/p>\n<p>&nbsp;<\/p>\n<div id=\"attachment_8125\" style=\"width: 700px\" class=\"wp-caption aligncenter\"><img decoding=\"async\" aria-describedby=\"caption-attachment-8125\" class=\"wp-image-8125 size-full lazyload\" data-src=\"https:\/\/geniwal.be\/wp-content\/uploads\/2021\/12\/COURTRAI_MARIAGES_EC_1890_241.jpg\" alt=\"\" width=\"690\" height=\"468\" data-srcset=\"https:\/\/geniwal.be\/wp-content\/uploads\/2021\/12\/COURTRAI_MARIAGES_EC_1890_241.jpg 690w, https:\/\/geniwal.be\/wp-content\/uploads\/2021\/12\/COURTRAI_MARIAGES_EC_1890_241-450x305.jpg 450w, https:\/\/geniwal.be\/wp-content\/uploads\/2021\/12\/COURTRAI_MARIAGES_EC_1890_241-600x407.jpg 600w\" data-sizes=\"(max-width: 690px) 100vw, 690px\" src=\"data:image\/svg+xml;base64,PHN2ZyB3aWR0aD0iMSIgaGVpZ2h0PSIxIiB4bWxucz0iaHR0cDovL3d3dy53My5vcmcvMjAwMC9zdmciPjwvc3ZnPg==\" style=\"--smush-placeholder-width: 690px; --smush-placeholder-aspect-ratio: 690\/468;\" \/><p id=\"caption-attachment-8125\" class=\"wp-caption-text\">Certificato di nascita di DE PAGE Antoine<\/p><\/div>\n<p>&nbsp;<\/p>\n<p style=\"text-align: center;\"><span style=\"font-family: arial, helvetica, sans-serif; font-size: 14pt;\">Dottore in medicina, chirurgo, professore all'Universit\u00e9 Libre de Bruxelles, organizzatore dei servizi sanitari dell'esercito nel 1914-1918, fondatore della prima scuola infermieristica belga, che affid\u00f2 a Edith Cavell, fondatore della Societ\u00e0 Belga di Chirurgia, creatore della rivista internazionale <em>L'anno chirurgico<\/em>segretario della Societ\u00e0 Internazionale di Chirurgia, presidente della Croce Rossa, membro dell'Acad\u00e9mie royale de Belgique, politico liberale, senatore per Bruxelles dal 1920 al 1925.<br \/>\nDurante la guerra, la regina Elisabetta II gli chiese di allestire un ospedale dietro la linea del fronte, utilizzando un'ambulanza chiamata Oc\u00e9an. Nel 1914, l'ospedale aveva 200 posti letto e, all'apice della guerra 1914-1918, quasi 2.000 posti letto.\u00a0<\/span><\/p>\n<p>&nbsp;<\/p>\n<p style=\"text-align: left;\"><span style=\"font-family: arial, helvetica, sans-serif; font-size: 14pt;\"><strong>Fonti :<\/strong><\/span><\/p>\n<p style=\"text-align: left;\"><span style=\"font-family: arial, helvetica, sans-serif; font-size: 14pt;\"><a href=\"https:\/\/www.rtbf.be\/14-18\/article_la-panne-et-l-ambulance-de-l-ocean?id=8295427\">https:\/\/www.rtbf.be\/14-18\/article_la-panne-et-l-ambulance-de-l-ocean?id=8295427<\/a><\/span><br \/>\n<span style=\"font-family: arial, helvetica, sans-serif; font-size: 14pt;\"><a href=\"https:\/\/fr.wikipedia.org\/wiki\/Antoine_Depage\">https:\/\/fr.wikipedia.org\/wiki\/Antoine_Depage<\/a><\/span><\/p>\n<p>&nbsp;<\/p>\n<p>&nbsp;<\/p>","protected":false},"excerpt":{"rendered":"<p>&nbsp; N\u00e9 \u00e0 Boitsfort le 28\u00a0novembre\u00a01862 et d\u00e9c\u00e9d\u00e9 \u00e0 La Haye (Den Hage) le 10\u00a0juin\u00a01925. &nbsp; &nbsp; Docteur en m\u00e9decine, chirurgien, professeur \u00e0 l&rsquo;universit\u00e9 libre de Bruxelles, organisateur des services [&hellip;]<\/p>\n","protected":false},"author":2,"featured_media":8125,"comment_status":"closed","ping_status":"open","sticky":false,"template":"","format":"standard","meta":{"_et_pb_use_builder":"","_et_pb_old_content":"","_et_gb_content_width":"","footnotes":""},"categories":[88,93,89],"tags":[],"class_list":["post-8119","post","type-post","status-publish","format-standard","has-post-thumbnail","hentry","category-archives-militaires","category-nos-pistes","category-personnalites-belges","et-has-post-format-content","et_post_format-et-post-format-standard"],"aioseo_notices":[],"_links":{"self":[{"href":"https:\/\/geniwal.be\/it\/wp-json\/wp\/v2\/posts\/8119","targetHints":{"allow":["GET"]}}],"collection":[{"href":"https:\/\/geniwal.be\/it\/wp-json\/wp\/v2\/posts"}],"about":[{"href":"https:\/\/geniwal.be\/it\/wp-json\/wp\/v2\/types\/post"}],"author":[{"embeddable":true,"href":"https:\/\/geniwal.be\/it\/wp-json\/wp\/v2\/users\/2"}],"replies":[{"embeddable":true,"href":"https:\/\/geniwal.be\/it\/wp-json\/wp\/v2\/comments?post=8119"}],"version-history":[{"count":0,"href":"https:\/\/geniwal.be\/it\/wp-json\/wp\/v2\/posts\/8119\/revisions"}],"wp:featuredmedia":[{"embeddable":true,"href":"https:\/\/geniwal.be\/it\/wp-json\/wp\/v2\/media\/8125"}],"wp:attachment":[{"href":"https:\/\/geniwal.be\/it\/wp-json\/wp\/v2\/media?parent=8119"}],"wp:term":[{"taxonomy":"category","embeddable":true,"href":"https:\/\/geniwal.be\/it\/wp-json\/wp\/v2\/categories?post=8119"},{"taxonomy":"post_tag","embeddable":true,"href":"https:\/\/geniwal.be\/it\/wp-json\/wp\/v2\/tags?post=8119"}],"curies":[{"name":"wp","href":"https:\/\/api.w.org\/{rel}","templated":true}]}}