{"id":8180,"date":"2022-01-09T11:23:34","date_gmt":"2022-01-09T10:23:34","guid":{"rendered":"https:\/\/geniwal.be\/?p=8180"},"modified":"2022-01-10T10:13:50","modified_gmt":"2022-01-10T09:13:50","slug":"monument-au-mort-de-la-ville-de-spa-province-de-liege","status":"publish","type":"post","link":"https:\/\/geniwal.be\/it\/nos-pistes\/pistes-genealogiques-en-belgique\/recherche-14-18\/monument-au-mort-de-la-ville-de-spa-province-de-liege\/","title":{"rendered":"Monumento ai caduti della citt\u00e0 di Spa, provincia di Liegi"},"content":{"rendered":"<p><img decoding=\"async\" class=\"wp-image-8181 alignleft lazyload\" data-src=\"https:\/\/geniwal.be\/wp-content\/uploads\/2022\/01\/P1010150-225x300.jpg\" alt=\"\" width=\"350\" height=\"263\" src=\"data:image\/svg+xml;base64,PHN2ZyB3aWR0aD0iMSIgaGVpZ2h0PSIxIiB4bWxucz0iaHR0cDovL3d3dy53My5vcmcvMjAwMC9zdmciPjwvc3ZnPg==\" style=\"--smush-placeholder-width: 350px; --smush-placeholder-aspect-ratio: 350\/263;\" \/><\/p>\n<p><img decoding=\"async\" class=\"wp-image-8182 alignright lazyload\" data-src=\"https:\/\/geniwal.be\/wp-content\/uploads\/2022\/01\/P1010145-225x300.jpg\" alt=\"\" width=\"340\" height=\"453\" src=\"data:image\/svg+xml;base64,PHN2ZyB3aWR0aD0iMSIgaGVpZ2h0PSIxIiB4bWxucz0iaHR0cDovL3d3dy53My5vcmcvMjAwMC9zdmciPjwvc3ZnPg==\" style=\"--smush-placeholder-width: 340px; --smush-placeholder-aspect-ratio: 340\/453;\" \/><\/p>\n<p><strong style=\"font-family: arial, helvetica, sans-serif;\"><img decoding=\"async\" class=\"aligncenter wp-image-8183 lazyload\" data-src=\"https:\/\/geniwal.be\/wp-content\/uploads\/2022\/01\/spa_mom_cpa_03-300x194.jpg\" alt=\"\" width=\"500\" height=\"323\" src=\"data:image\/svg+xml;base64,PHN2ZyB3aWR0aD0iMSIgaGVpZ2h0PSIxIiB4bWxucz0iaHR0cDovL3d3dy53My5vcmcvMjAwMC9zdmciPjwvc3ZnPg==\" style=\"--smush-placeholder-width: 500px; --smush-placeholder-aspect-ratio: 500\/323;\" \/><\/strong><\/p>\n<p>&nbsp;<\/p>\n<p><strong style=\"font-family: arial, helvetica, sans-serif;\">\u00a0<\/strong><\/p>\n<p>&nbsp;<\/p>\n<p><span style=\"font-family: arial, helvetica, sans-serif;\"><strong>\u00a0<\/strong><\/span><\/p>\n<hr \/>\n<p><span style=\"font-family: arial, helvetica, sans-serif;\"><strong>ALBERT Nicolas Joseph Marcel :<br \/>\n<\/strong><\/span><span style=\"font-family: arial, helvetica, sans-serif;\">Nato l'11\/11\/1882 a Spa e morto il 24\/10\/1914 in luogo sconosciuto.<br \/>\n<\/span><span style=\"font-family: arial, helvetica, sans-serif;\">Soldato 2<sup>th<\/sup> Classe 14<sup>th<\/sup> de Ligne<\/span><\/p>\n<p><span style=\"font-family: arial, helvetica, sans-serif;\"><strong>ALBERT Victor Joseph Alphonse :<br \/>\n<\/strong><\/span><span style=\"font-family: arial, helvetica, sans-serif;\">Nato a Spa il 25\/10\/1884 e morto a Vinkem il 15\/09\/1917.<br \/>\n<\/span><span style=\"font-family: arial, helvetica, sans-serif;\">Secondo Tenente 2<sup>th<\/sup> de Ligne.<br \/>\n<\/span><a href=\"https:\/\/bel-memorial.org\/photos\/ALBERT_Victor_9619\"><span style=\"font-family: arial, helvetica, sans-serif;\">https:\/\/bel-memorial.org\/photos\/ALBERT_Victor_9619<\/span><\/a><\/p>\n<p><span style=\"font-family: arial, helvetica, sans-serif;\"><strong>AUBINET Henri Joseph :<br \/>\n<\/strong><\/span><span style=\"font-family: arial, helvetica, sans-serif;\">Nato a Spa il 04\/11\/1914 e morto a Pervijze il 04\/11\/1914.<br \/>\n<\/span><span style=\"font-family: arial, helvetica, sans-serif;\">Soldato 2<sup>th <\/sup>Classe 12<sup>th<\/sup> de Ligne.<\/span><\/p>\n<p><span style=\"font-family: arial, helvetica, sans-serif;\"><strong>BAIWIR Charles James :<br \/>\n<\/strong><\/span><span style=\"font-family: arial, helvetica, sans-serif;\">Nato il 15\/06\/1891 a Spa il 21\/10\/1918 e morto ad Adegem.<br \/>\n<\/span><span style=\"font-family: arial, helvetica, sans-serif;\">Caporale a 21 anni<sup>th<\/sup> di linea matricola 2099.<\/span><\/p>\n<p><span style=\"font-family: arial, helvetica, sans-serif;\"><strong>BRODURE Hubert Joseph :<br \/>\n<\/strong><\/span><span style=\"font-family: arial, helvetica, sans-serif;\">Nato in data sconosciuta a Spa e morto il 17\/04\/1917 in un luogo sconosciuto.<br \/>\n<\/span><span style=\"font-family: arial, helvetica, sans-serif;\">Soldato 2<sup>th<\/sup> classe 15<sup>th<\/sup> artiglieria.<br \/>\n<\/span><span style=\"font-family: arial, helvetica, sans-serif;\"><a href=\"https:\/\/bel-memorial.org\/photos_liege\/BRODURE_Rene_30212.htm\">https:\/\/bel-memorial.org\/photos_liege\/BRODURE_Rene_30212.htm<\/a><\/span><\/p>\n<p><span style=\"font-family: arial, helvetica, sans-serif;\"><strong>CHRISTIANE Jules Auguste Louis :<br \/>\n<\/strong><\/span><span style=\"font-family: arial, helvetica, sans-serif;\">Nato nel 1895 a Spa e morto il 17\/04\/1918 a Merkem.<br \/>\n<\/span><span style=\"font-family: arial, helvetica, sans-serif;\">Soldato 9<sup>th<\/sup> linea.<br \/>\n<\/span><span style=\"font-family: arial, helvetica, sans-serif;\"><a href=\"https:\/\/bel-memorial.org\/photos\/CHRISTIANE_Jules_26217.htm\">https:\/\/bel-memorial.org\/photos\/CHRISTIANE_Jules_26217.htm<\/a><\/span><\/p>\n<p><span style=\"font-family: arial, helvetica, sans-serif;\"><strong>CURTIUS Guillaume :<br \/>\n<\/strong><\/span><span style=\"font-family: arial, helvetica, sans-serif;\">Nato il 25\/05\/1878 a Spa e morto il 02\/10\/1918 a Oostnieuwkerke.<br \/>\n<\/span><span style=\"font-family: arial, helvetica, sans-serif;\">Soldato reggimentale 2<sup>th<\/sup> Linea <sup>4a<\/sup> di Chasseurs \u00e0 pied.<\/span><\/p>\n<p><span style=\"font-family: arial, helvetica, sans-serif;\"><strong>DEBRUS Julien Eug\u00e8ne :<br \/>\n<\/strong><\/span><span style=\"font-family: arial, helvetica, sans-serif;\">Nato in luogo e data di nascita sconosciuti e morto il 06\/05\/1919 in luogo sconosciuto.<br \/>\n<\/span><span style=\"font-family: arial, helvetica, sans-serif;\">Soldato 2<sup>th<\/sup> Classe 4<sup>th<\/sup> del Genio.<\/span><\/p>\n<p><span style=\"font-family: arial, helvetica, sans-serif;\"><strong>DECERF Ivan Mathieu Edmond :<br \/>\n<\/strong><\/span><span style=\"font-family: arial, helvetica, sans-serif;\">Nato il 27\/02\/1898 a Spa e morto il 09\/10\/1918 a Oostnieuwkerke.<br \/>\n<\/span><span style=\"font-family: arial, helvetica, sans-serif;\">Soldato 2<sup>th<\/sup> Classe reggimentale 12<sup>th<\/sup> artiglieria.<br \/>\n<\/span><span style=\"font-family: arial, helvetica, sans-serif;\">Sepolto a Mosselmarkt, Passendale.<\/span><\/p>\n<p><span style=\"font-family: arial, helvetica, sans-serif;\"><strong>DEVILLE Fran\u00e7ois Constantin :<br \/>\n<\/strong><\/span><span style=\"font-family: arial, helvetica, sans-serif;\">Nato in data sconosciuta a Spa e morto il 07\/07\/1918 in un luogo sconosciuto.<br \/>\n<\/span><span style=\"font-family: arial, helvetica, sans-serif;\">Soldato 2<sup>th<\/sup> Contingente speciale della milizia<\/span><\/p>\n<p><span style=\"font-family: arial, helvetica, sans-serif;\"><strong>DRESSE Charles Marie Antoine Amand :<br \/>\n<\/strong><\/span><span style=\"font-family: arial, helvetica, sans-serif;\">Nato il 23\/01\/1897 a Liegi e morto il 28\/09\/1918 a Poelkapelle.<br \/>\n<\/span><span style=\"font-family: arial, helvetica, sans-serif;\">Ufficiale di gara Reggimento 9<sup>th<\/sup> de Ligne<br \/>\n<\/span><span style=\"font-family: arial, helvetica, sans-serif;\"><a href=\"https:\/\/bel-memorial.org\/photos\/DRESSE_Charles_9631.htm\">https:\/\/bel-memorial.org\/photos\/DRESSE_Charles_9631.htm<\/a><\/span><\/p>\n<p><span style=\"font-family: arial, helvetica, sans-serif;\"><strong>DUJARDIN Evrard :<br \/>\n<\/strong><\/span><span style=\"font-family: arial, helvetica, sans-serif;\">Nato il 09\/04\/1887 a Orchies (Francia), morto il 01\/03\/1916 sull'Yser.<br \/>\n<\/span><span style=\"font-family: arial, helvetica, sans-serif;\">Soldato 2<sup>th<\/sup> Classe reggimentale 43<sup>th<\/sup> Fanteria.<\/span><\/p>\n<p><span style=\"font-family: arial, helvetica, sans-serif;\"><strong>EMONTS Henri Joseph Hubert Marie No\u00ebl :<br \/>\n<\/strong><\/span><span style=\"font-family: arial, helvetica, sans-serif;\">Nato il 25\/12\/1891 a Spa e morto il 01\/03\/1916 sull'Yser.<br \/>\n<\/span><span style=\"font-family: arial, helvetica, sans-serif;\">Soldato 2<sup>th<\/sup> Classe reggimentale 5<sup>th<\/sup> de Ligne.<br \/>\n<\/span><span style=\"font-family: arial, helvetica, sans-serif;\"><a href=\"https:\/\/www.bel-memorial.org\/photos\/EMONTS_Henri_20352.htm\">https:\/\/www.bel-memorial.org\/photos\/EMONTS_Henri_20352.htm<\/a><\/span><\/p>\n<p><span style=\"font-family: arial, helvetica, sans-serif;\"><strong>FANDEL Marcel :<br \/>\n<\/strong><\/span><span style=\"font-family: arial, helvetica, sans-serif;\">Nato a Spa il 22\/06\/1899 e morto a Passendale il 09\/10\/1918.<br \/>\n<\/span><span style=\"font-family: arial, helvetica, sans-serif;\">Brigadiere reggimento 18<sup>th<\/sup> artiglieria.<br \/>\n<\/span><span style=\"font-family: arial, helvetica, sans-serif;\"><a href=\"https:\/\/bel-memorial.org\/photos\/FANDEL_Marcel_26227.htm\">https:\/\/bel-memorial.org\/photos\/FANDEL_Marcel_26227.htm<\/a><\/span><\/p>\n<p><span style=\"font-family: arial, helvetica, sans-serif;\"><strong>GASPAR Gustave :<br \/>\n<\/strong><\/span><span style=\"font-family: arial, helvetica, sans-serif;\">Nato in luogo e data sconosciuti a Spa e morto il 21\/11\/1917 in luogo sconosciuto.<br \/>\n<\/span><span style=\"font-family: arial, helvetica, sans-serif;\">Soldato 2<sup>th<\/sup> Classe 12<sup>th<\/sup> Artiglieria.<\/span><br \/>\n<span style=\"font-family: arial, helvetica, sans-serif;\">Sepoltura: Zuidschote<\/span><\/p>\n<p><span style=\"font-family: arial, helvetica, sans-serif;\"><strong>GONAY Hubert Eloi Joseph :<br \/>\n<\/strong><\/span><span style=\"font-family: arial, helvetica, sans-serif;\">Nato a Petit Rechain e morto il 02\/10\/1918 a Houthulst.<br \/>\n<\/span><span style=\"font-family: arial, helvetica, sans-serif;\">Soldato 2<sup>th<\/sup> reggimento di classe 12<sup>th<\/sup> de Ligne<br \/>\n<\/span><span style=\"font-family: arial, helvetica, sans-serif;\">https:\/\/bel-memorial.org\/photos_liege\/GONAY_Hubert_26229.htm<\/span><\/p>\n<p><span style=\"font-family: arial, helvetica, sans-serif;\"><strong>GONAY Jacques Pierre Joseph :<br \/>\n<\/strong><\/span><span style=\"font-family: arial, helvetica, sans-serif;\">Nato a Spa il 03\/09\/1891 e morto a Loncin il 15\/08\/1914.<br \/>\n<\/span><span style=\"font-family: arial, helvetica, sans-serif;\">Soldato 2<sup>th<\/sup> reggimento di classe 14<sup>th<\/sup> de Ligne<\/span><br \/>\n<span style=\"font-family: arial, helvetica, sans-serif;\">Ucciso nell'esplosione di Fort de Loncin.<\/span><\/p>\n<p><span style=\"font-family: arial, helvetica, sans-serif;\"><strong>HALLEUX Alexis :<br \/>\n<\/strong>Nato in luogo e data sconosciuti e morto in luogo sconosciuto.<\/span><br \/>\n<span style=\"font-family: arial, helvetica, sans-serif;\">Servizio militare nel conflitto 1914-1918.<\/span><\/p>\n<p><span style=\"font-family: arial, helvetica, sans-serif;\"><strong>HESSE Am\u00e9d\u00e9e :<br \/>\n<\/strong><\/span><span style=\"font-family: arial, helvetica, sans-serif;\">Nato il 26\/07\/1870 a Metz (Francia), morto il 18\/10\/1915, luogo sconosciuto<\/span><br \/>\n<span style=\"font-family: arial, helvetica, sans-serif;\">Colpo della Resistenza<br \/>\n<\/span><span style=\"font-family: arial, helvetica, sans-serif;\"><a href=\"https:\/\/bel-memorial.org\/photos\/HESSE_Amedee_22957.htm\">https:\/\/bel-memorial.org\/photos\/HESSE_Amedee_22957.htm<\/a><\/span><\/p>\n<p><span style=\"font-family: arial, helvetica, sans-serif;\"><strong>HEYNEN D\u00e9sir\u00e9 Mathieu Isidore :<br \/>\n<\/strong><\/span><span style=\"font-family: arial, helvetica, sans-serif;\">Nato in data sconosciuta a Spa e morto il 17\/04\/1918 in un luogo sconosciuto.<br \/>\n<\/span><span style=\"font-family: arial, helvetica, sans-serif;\">Miliziano volontario di guerra<\/span><\/p>\n<p><span style=\"font-family: arial, helvetica, sans-serif;\"><strong>HOUET Albert Victor Marie :<br \/>\n<\/strong><\/span><span style=\"font-family: arial, helvetica, sans-serif;\">Nato il 17\/12\/1891 a Spa e morto il 02\/07\/1916 a La Panne.<br \/>\n<\/span><span style=\"font-family: arial, helvetica, sans-serif;\">Soldato 1<sup>epoca<\/sup> Classe reggimentale 12<sup>th<\/sup> linea.<br \/>\n<\/span><span style=\"font-family: arial, helvetica, sans-serif;\"><a href=\"https:\/\/bel-memorial.org\/photos_liege\/spa\/HOUET_Albert_9640.htm\">https:\/\/bel-memorial.org\/photos_liege\/spa\/HOUET_Albert_9640.htm<\/a><\/span><\/p>\n<p><span style=\"font-family: arial, helvetica, sans-serif;\"><strong>JAMBON Yvan Marie Joseph :<br \/>\n<\/strong><\/span><span style=\"font-family: arial, helvetica, sans-serif;\">Nato in data sconosciuta a Spa e morto il 13\/14\/1914 in un luogo sconosciuto.<br \/>\n<\/span><span style=\"font-family: arial, helvetica, sans-serif;\">Soldato 2<sup>th<\/sup> Classe reggimentale 1<sup>er<\/sup> Guide.<\/span><\/p>\n<p><span style=\"font-family: arial, helvetica, sans-serif;\"><strong>JEHIN Jean Joseph August :<br \/>\n<\/strong><\/span><span style=\"font-family: arial, helvetica, sans-serif;\">Nato in data sconosciuta a Spa e morto il 28\/04\/1918 in luogo sconosciuto.<br \/>\n<\/span><span style=\"font-family: arial, helvetica, sans-serif;\">Soldato 2<sup>th<\/sup> Classe Grand Parc Automobile de R\u00e9serve<br \/>\n<\/span><span style=\"font-family: arial, helvetica, sans-serif;\">Sepolto a Beveren-Aan-den-Ijser.<\/span><\/p>\n<p><span style=\"font-family: arial, helvetica, sans-serif;\"><strong>JEROME Georges :<br \/>\n<\/strong><\/span><span style=\"font-family: arial, helvetica, sans-serif;\">Nato in luogo e data sconosciuti e morto in luogo sconosciuto.<br \/>\n<\/span><span style=\"font-family: arial, helvetica, sans-serif;\">Militare.<\/span><\/p>\n<p><span style=\"font-family: arial, helvetica, sans-serif;\"><strong>JOB Andr\u00e9 :<br \/>\n<\/strong><\/span><span style=\"font-family: arial, helvetica, sans-serif;\">Nato in luogo e data sconosciuti e morto in luogo sconosciuto.<br \/>\n<\/span><span style=\"font-family: arial, helvetica, sans-serif;\">Militare.<\/span><\/p>\n<p><span style=\"font-family: arial, helvetica, sans-serif;\"><strong>JOSSELET Gustave.<br \/>\n<\/strong><\/span><span style=\"font-family: arial, helvetica, sans-serif;\">Nato in luogo e data sconosciuti e morto in luogo sconosciuto.<br \/>\n<\/span><span style=\"font-family: arial, helvetica, sans-serif;\">Militare.<\/span><\/p>\n<p><span style=\"font-family: arial, helvetica, sans-serif;\"><strong>MANGNAY Paul Emile Marius :<br \/>\n<\/strong><\/span><span style=\"font-family: arial, helvetica, sans-serif;\">Nato il 26\/10\/1896 a Spa, morto il 24\/04\/1915, luogo sconosciuto.<br \/>\n<\/span><span style=\"font-family: arial, helvetica, sans-serif;\">Soldato 2<sup>th<\/sup> Classe reggimentale 1<sup>er<\/sup> Granatieri.<br \/>\n<\/span><span style=\"font-family: arial, helvetica, sans-serif;\">Sepoltura a Westvleteren ?<br \/>\n<\/span><span style=\"font-family: arial, helvetica, sans-serif;\"><a href=\"https:\/\/bel-memorial.org\/photos\/MANGNAY_Paul_26239.htm\">https:\/\/bel-memorial.org\/photos\/MANGNAY_Paul_26239.htm<\/a><\/span><\/p>\n<p><span style=\"font-family: arial, helvetica, sans-serif;\"><strong>MARCOTTE Henri :<br \/>\n<\/strong><\/span><span style=\"font-family: arial, helvetica, sans-serif;\">Nato in luogo e data sconosciuti e morto in luogo sconosciuto.<br \/>\n<\/span><span style=\"font-family: arial, helvetica, sans-serif;\">Militare.<\/span><\/p>\n<p><span style=\"font-family: arial, helvetica, sans-serif;\"><strong>MARECHAL Paul :<br \/>\n<\/strong><\/span><span style=\"font-family: arial, helvetica, sans-serif;\">Nato in luogo e data sconosciuti e morto in luogo sconosciuto<br \/>\n<\/span><span style=\"font-family: arial, helvetica, sans-serif;\">Militare.<\/span><\/p>\n<p><span style=\"font-family: arial, helvetica, sans-serif;\"><strong>MESTDAGH Alphonse Edouard :<br \/>\n<\/strong><\/span><span style=\"font-family: arial, helvetica, sans-serif;\">Nato il 24\/05\/1880 a Lille in Francia e morto il 25\/05\/1919 a Spa.<\/span><br \/>\n<span style=\"font-family: arial, helvetica, sans-serif;\">Soldato 2<sup>th<\/sup> reggimento di classe 24<sup>th<\/sup> Fanteria<\/span><\/p>\n<p><span style=\"font-family: arial, helvetica, sans-serif;\"><strong>MICHEL Ernest :<br \/>\n<\/strong><\/span><span style=\"font-family: arial, helvetica, sans-serif;\">Nato in luogo e data sconosciuti e morto in luogo sconosciuto.<br \/>\n<\/span><span style=\"font-family: arial, helvetica, sans-serif;\">Militare.<\/span><\/p>\n<p><span style=\"font-family: arial, helvetica, sans-serif;\"><strong>MOSTENNE Albert :<br \/>\n<\/strong><\/span><span style=\"font-family: arial, helvetica, sans-serif;\">Nato in luogo e data sconosciuti e morto in luogo sconosciuto.<br \/>\n<\/span><span style=\"font-family: arial, helvetica, sans-serif;\">Militare.<\/span><\/p>\n<p><span style=\"font-family: arial, helvetica, sans-serif;\"><strong>MOUREAU Prosper Joseph :<br \/>\n<\/strong><\/span><span style=\"font-family: arial, helvetica, sans-serif;\">Nato il 08\/06\/1893 a Spa, morto il 29\/10\/1918 a Guemps (Francia)<\/span><br \/>\n<span style=\"font-family: arial, helvetica, sans-serif;\">Soldato 2<sup>th<\/sup> reggimentale classe 20<sup>th<\/sup> de Ligne.<\/span><\/p>\n<p><span style=\"font-family: arial, helvetica, sans-serif;\"><strong>PALLA Maurice Jean Julien (Marcel) :<br \/>\n<\/strong><\/span><span style=\"font-family: arial, helvetica, sans-serif;\">Nato in data sconosciuta a Spa e morto il 23\/05\/1918 in un luogo sconosciuto.<br \/>\n<\/span><span style=\"font-family: arial, helvetica, sans-serif;\">Soldato di seconda classe, reggimento 4<sup>th<\/sup> Artiglieria.<\/span><\/p>\n<p><span style=\"font-family: arial, helvetica, sans-serif;\"><strong>PIETTE Victor Joseph :<br \/>\n<\/strong><\/span><span style=\"font-family: arial, helvetica, sans-serif;\">Nato in data sconosciuta a Spa e morto il 24\/10\/1914 in un luogo sconosciuto.<br \/>\n<\/span><span style=\"font-family: arial, helvetica, sans-serif;\">Soldato 2<sup>th<\/sup> Classe reggimentale 14<sup>th<\/sup> de Ligne.<\/span><\/p>\n<p><span style=\"font-family: arial, helvetica, sans-serif;\"><strong>POTTIER Charles Hubert<\/strong>\u00a0:<br \/>\n<\/span><span style=\"font-family: arial, helvetica, sans-serif;\">Nato a Spa il 10\/06\/1892 e morto a Poelkapelle il 02\/10\/1918.<br \/>\n<\/span><span style=\"font-family: arial, helvetica, sans-serif;\">Soldato di seconda classe, 3\u00b0 reggimento del Genio.<\/span><\/p>\n<p><span style=\"font-family: arial, helvetica, sans-serif;\"><strong>POTTIER L\u00e9on Alexandre :<br \/>\n<\/strong><\/span><span style=\"font-family: arial, helvetica, sans-serif;\">Nato il 15\/12\/1883 a Spa e morto il 08\/12\/1918 a Tirlemont.<br \/>\n<\/span><span style=\"font-family: arial, helvetica, sans-serif;\">Soldato 2<sup>th<\/sup> reggimentale classe 3<sup>th<\/sup> Genio o reggimento 15<sup>th<\/sup> del Genio.<\/span><\/p>\n<p><span style=\"font-family: arial, helvetica, sans-serif;\"><strong>RAWAY Eug\u00e8ne Edmond Adam :<br \/>\n<\/strong><\/span><span style=\"font-family: arial, helvetica, sans-serif;\">Nato il 20\/11\/1897 a Spa, morto il 28\/09\/1918 a Westrozebeke.<br \/>\n<\/span><span style=\"font-family: arial, helvetica, sans-serif;\">Soldato 2<sup>th<\/sup> reggimento di classe 12<sup>th<\/sup> de Ligne.<\/span><\/p>\n<p><span style=\"font-family: arial, helvetica, sans-serif;\"><strong>THIMISTER Jean Joseph :<br \/>\n<\/strong><\/span><span style=\"font-family: arial, helvetica, sans-serif;\">Nato il 02\/04\/1886 a Dison e morto il 05\/06\/1915 ad Alveringem. s<\/span><br \/>\n<span style=\"font-family: arial, helvetica, sans-serif;\">Caporale reggimento 3<sup>th<\/sup> dei cacciatori<br \/>\n<\/span><span style=\"font-family: arial, helvetica, sans-serif;\"><a href=\"https:\/\/bel-memorial.org\/photos_liege\/spa\/THIMISTER_Jean_Joseph_9658.htm\">https:\/\/bel-memorial.org\/photos_liege\/spa\/THIMISTER_Jean_Joseph_9658.htm<\/a><\/span><\/p>\n<p><span style=\"font-family: arial, helvetica, sans-serif;\"><strong>TROEGER Emile Fran\u00e7ois Joseph :<br \/>\n<\/strong><\/span><span style=\"font-family: arial, helvetica, sans-serif;\">Nato il 28\/11\/1890 a Reims (Francia), morto il 16\/09\/1914 a La Vaux Marie (Francia).<br \/>\n<\/span><span style=\"font-family: arial, helvetica, sans-serif;\">Soldato 2<sup>th<\/sup> classe reggimento 106<sup>th<\/sup> fanteria.<br \/>\n<\/span><span style=\"font-family: arial, helvetica, sans-serif;\">Morto per la Francia.<br \/>\n<\/span><span style=\"font-family: arial, helvetica, sans-serif;\"><a href=\"https:\/\/bel-memorial.org\/photos_liege\/TROEGER_Emile_26253.htm\">https:\/\/bel-memorial.org\/photos_liege\/TROEGER_Emile_26253.htm<\/a><\/span><\/p>\n<p><span style=\"font-family: arial, helvetica, sans-serif;\"><strong>WARNOTTE Robert Charles :<br \/>\n<\/strong><\/span><span style=\"font-family: arial, helvetica, sans-serif;\">Nato a Theux, morto il 17\/08\/1914 a Liegi.<br \/>\n<\/span><span style=\"font-family: arial, helvetica, sans-serif;\">Brigadiere di artiglieria.<br \/>\n<\/span><span style=\"font-family: arial, helvetica, sans-serif;\"><a href=\"http:\/\/www.bel-memorial.org\/photos\/WARNOTTE_Robert_18455.htm\">http:\/\/www.bel-memorial.org\/photos\/WARNOTTE_Robert_18455.htm<\/a><\/span><\/p>\n<p><span style=\"font-family: arial, helvetica, sans-serif;\"><strong>WILKIN Maurice :<br \/>\n<\/strong><\/span><span style=\"font-family: arial, helvetica, sans-serif;\">Nato in luogo e data sconosciuti e morto in luogo sconosciuto.<br \/>\n<\/span><span style=\"font-family: arial, helvetica, sans-serif;\">Militare.<br \/>\n<\/span><span style=\"font-family: arial, helvetica, sans-serif;\"><a href=\"https:\/\/bel-memorial.org\/photos\/WILKIN_Maurice_26311.htm\">https:\/\/bel-memorial.org\/photos\/WILKIN_Maurice_26311.htm<\/a><\/span><\/p>\n<p><span style=\"font-family: arial, helvetica, sans-serif;\"><strong>WINTGENS Giuseppe :<br \/>\n<\/strong><\/span><span style=\"font-family: arial, helvetica, sans-serif;\">Nato in luogo e data sconosciuti e morto in luogo sconosciuto.<br \/>\n<\/span><span style=\"font-family: arial, helvetica, sans-serif;\">Militare.<\/span><\/p>\n<p><span style=\"font-family: arial, helvetica, sans-serif;\"><strong>WISLET Henri Joseph :<br \/>\n<\/strong><\/span><span style=\"font-family: arial, helvetica, sans-serif;\">Nato il 31\/05\/1884 a Spa, morto il 30\/06\/1919 a Spa.<\/span><br \/>\n<span style=\"font-family: arial, helvetica, sans-serif;\">Ha trascorso 52 mesi in cattivit\u00e0<br \/>\n<\/span><span style=\"font-family: arial, helvetica, sans-serif;\"><a href=\"https:\/\/bel-memorial.org\/photos\/WISLET_Henri_26256.htm\">https:\/\/bel-memorial.org\/photos\/WISLET_Henri_26256.htm<\/a><\/span><\/p>\n<p><span style=\"font-family: arial, helvetica, sans-serif;\"><strong>XHROUET Camille :<br \/>\n<\/strong><\/span><span style=\"font-family: arial, helvetica, sans-serif;\">Nato in luogo e data sconosciuti e morto in luogo sconosciuto.<br \/>\n<\/span><span style=\"font-family: arial, helvetica, sans-serif;\">Vittima civile.<\/span><span style=\"font-family: arial, helvetica, sans-serif;\"><a href=\"https:\/\/bel-memorial.org\/photos\/XHROUET_Armand_9680.htm\">https:\/\/bel-memorial.org\/photos\/XHROUET_Armand_9680.htm<\/a><\/span><\/p>\n<p><strong><span style=\"font-family: arial, helvetica, sans-serif;\">Fonti :<\/span><\/strong><br \/>\n<span style=\"font-family: arial, helvetica, sans-serif;\">https:\/\/bel-memorial.org\/cities\/liege\/spa\/spa_mom.htm<\/span><\/p>\n<p style=\"text-align: left;\"><strong><span style=\"font-family: arial, helvetica, sans-serif;\">Credito fotografico :<\/span><\/strong><br \/>\n<span style=\"font-family: arial, helvetica, sans-serif;\">Tutti i diritti riservati sul monumento e sulla targa commemorativa<br \/>\n<\/span>\u00a9\u00a0<span style=\"font-family: arial, helvetica, sans-serif;\">Yves Heraly<br \/>\nImmagine della cartolina tratta dal sito web :https:\/\/bel-memorial.org\/cities\/liege\/spa\/spa_mom.htm<br \/>\n<\/span><\/p>","protected":false},"excerpt":{"rendered":"<p>&nbsp; \u00a0 &nbsp; \u00a0 ALBERT Nicolas Joseph Marcel\u00a0: N\u00e9 le 11\/11\/1882 \u00e0 Spa et d\u00e9c\u00e9d\u00e9 le 24\/10\/1914 lieu inconnu. Soldat de 2\u00e8me Classe 14\u00e8me de Ligne ALBERT Victor Joseph Alphonse\u00a0: [&hellip;]<\/p>\n","protected":false},"author":2,"featured_media":8183,"comment_status":"closed","ping_status":"open","sticky":false,"template":"","format":"standard","meta":{"_et_pb_use_builder":"","_et_pb_old_content":"","_et_gb_content_width":"","footnotes":""},"categories":[93,78],"tags":[],"class_list":["post-8180","post","type-post","status-publish","format-standard","has-post-thumbnail","hentry","category-nos-pistes","category-recherche-14-18","et-has-post-format-content","et_post_format-et-post-format-standard"],"aioseo_notices":[],"_links":{"self":[{"href":"https:\/\/geniwal.be\/it\/wp-json\/wp\/v2\/posts\/8180","targetHints":{"allow":["GET"]}}],"collection":[{"href":"https:\/\/geniwal.be\/it\/wp-json\/wp\/v2\/posts"}],"about":[{"href":"https:\/\/geniwal.be\/it\/wp-json\/wp\/v2\/types\/post"}],"author":[{"embeddable":true,"href":"https:\/\/geniwal.be\/it\/wp-json\/wp\/v2\/users\/2"}],"replies":[{"embeddable":true,"href":"https:\/\/geniwal.be\/it\/wp-json\/wp\/v2\/comments?post=8180"}],"version-history":[{"count":0,"href":"https:\/\/geniwal.be\/it\/wp-json\/wp\/v2\/posts\/8180\/revisions"}],"wp:featuredmedia":[{"embeddable":true,"href":"https:\/\/geniwal.be\/it\/wp-json\/wp\/v2\/media\/8183"}],"wp:attachment":[{"href":"https:\/\/geniwal.be\/it\/wp-json\/wp\/v2\/media?parent=8180"}],"wp:term":[{"taxonomy":"category","embeddable":true,"href":"https:\/\/geniwal.be\/it\/wp-json\/wp\/v2\/categories?post=8180"},{"taxonomy":"post_tag","embeddable":true,"href":"https:\/\/geniwal.be\/it\/wp-json\/wp\/v2\/tags?post=8180"}],"curies":[{"name":"wp","href":"https:\/\/api.w.org\/{rel}","templated":true}]}}