{"id":8415,"date":"2022-03-22T22:56:46","date_gmt":"2022-03-22T21:56:46","guid":{"rendered":"https:\/\/geniwal.be\/?p=8415"},"modified":"2022-04-22T15:04:48","modified_gmt":"2022-04-22T13:04:48","slug":"soldats-francais-mort-pour-la-france-enterres-au-cimetiere-militaire-de-bighi-a-kalkara-malte","status":"publish","type":"post","link":"https:\/\/geniwal.be\/it\/nos-pistes\/karolus\/soldats-francais-mort-pour-la-france-enterres-au-cimetiere-militaire-de-bighi-a-kalkara-malte\/","title":{"rendered":"I soldati francesi morti per la Francia sepolti nel cimitero militare di Bighi a Kalkara (Malta)"},"content":{"rendered":"<p><img decoding=\"async\" class=\"aligncenter wp-image-8420 size-full lazyload\" data-src=\"https:\/\/geniwal.be\/wp-content\/uploads\/2022\/03\/COURTRAI_MARIAGES_EC_1860_188.jpg\" alt=\"\" width=\"632\" height=\"355\" data-srcset=\"https:\/\/geniwal.be\/wp-content\/uploads\/2022\/03\/COURTRAI_MARIAGES_EC_1860_188.jpg 632w, https:\/\/geniwal.be\/wp-content\/uploads\/2022\/03\/COURTRAI_MARIAGES_EC_1860_188-450x253.jpg 450w, https:\/\/geniwal.be\/wp-content\/uploads\/2022\/03\/COURTRAI_MARIAGES_EC_1860_188-600x337.jpg 600w, https:\/\/geniwal.be\/wp-content\/uploads\/2022\/03\/COURTRAI_MARIAGES_EC_1860_188-300x169.jpg 300w\" data-sizes=\"(max-width: 632px) 100vw, 632px\" src=\"data:image\/svg+xml;base64,PHN2ZyB3aWR0aD0iMSIgaGVpZ2h0PSIxIiB4bWxucz0iaHR0cDovL3d3dy53My5vcmcvMjAwMC9zdmciPjwvc3ZnPg==\" style=\"--smush-placeholder-width: 632px; --smush-placeholder-aspect-ratio: 632\/355;\" \/><\/p>\n<p style=\"text-align: left;\"><strong><u>BAUDET Ferdinando, Maria<\/u><\/strong>nato a Plouhinec il 23 febbraio 1892 nella regione del Morbihan, marinaio sulla nave \" <strong>VOLTAIRE<\/strong> \"che \u00e8 morto per ustioni al Royal Navy Hospital di Bighi il <strong>28 ottobre 1915 <\/strong>(Tomba n. 109 - Morto per la Francia)<br \/>\n<strong><u>BLANCHON Antonin<\/u><\/strong>un soldato morto a bordo della <strong>LOTTO<\/strong> \"il <strong>26 maggio 1915 <\/strong>(Tomba n. 63)<strong>.<br \/>\n<\/strong><strong><u>BLOT C. Louis<\/u><\/strong>nato il 2 agosto 1893, marinaio sulla nave \" <strong>WALDECK ROUSSEAU<\/strong> \"che \u00e8 morto il <strong>29 aprile 1915 <\/strong>(Tomba n. 59)<strong>.<br \/>\n<\/strong><strong><u>BONNEL Antoine<\/u><\/strong>marinaio sul <strong>DUMBEA <\/strong>\"Morto in mare il 24 marzo 1918 (Tomba N\u00b0 ?)<br \/>\n<strong><u>CAMY Giuseppe, Gilles, Guillaume (*)<\/u><\/strong>nato il 21 maggio 1891 nelle C\u00f4tes du Nord, marinaio elettricista di 2 anni.<sup>th<\/sup> a bordo della classe \" <strong>JURIEN DE LA GRAVIERE<\/strong> \"che \u00e8 morto al Royal Navy Hospital di Bighi il <strong>20 giugno 1915 <\/strong>(Tomba n. 67 - Morto per la Francia)<strong>.<br \/>\n<\/strong><strong><u>CHARLES Pierre, Samuel, Maurice (*)<\/u><\/strong>Capitano in mare, ufficiale esecutivo di \" <strong>HIMALAYA <\/strong>\"morto su <strong>10 marzo 1917 <\/strong>(Tomba n. 5 - Morto per la Francia)<strong>.<br \/>\n<\/strong><strong><u>COLLOC Auguste, Marie<\/u><\/strong>nato il 5 marzo 1894 a Finist\u00e8re, marinaio elettricista sulla Torpilleur 332, deceduto il <strong>6 agosto 1915 <\/strong>(Tomba n. 79 - Morto per la Francia)<strong>.<br \/>\n<\/strong><strong><u>CORBANI Giuseppe (*)<\/u><\/strong>che \u00e8 morto in mare quando il <strong>\"BASCO<\/strong> 18 febbraio 1918. Morto per la Francia<br \/>\n<strong><u>DELAUZUN L\u00e9on (*)<\/u><\/strong>nato il 23 settembre 1892 nella regione francese del Gard, era un apprendista marinaio sulla nave \" <strong>PATRIE<\/strong> \"che \u00e8 morto per ustioni al Royal Navy Hospital di Bighi il <strong>19 dicembre 1914 <\/strong>(Tomba n. 53)<strong>.<br \/>\n<\/strong><strong><u>DONZEAU Fran\u00e7ois (*)<\/u><\/strong>Cuoco di una corazzata<strong> DEMOCRAZIA <\/strong>\"<strong>, <\/strong>\u00e8 morto presso il Royal Navy Hospital di Bighi il <strong>30 ottobre 1914 <\/strong>(Tomba n. 55)<strong>.<br \/>\n<\/strong><strong><u>DUFOSS\u00e9 Arthur Cyprien Victorien (*)<\/u><\/strong>, autista-cannoniere, \u00e8 morto per ferite di guerra all'ospedale della Royal Navy di Bighi il <strong>25 ottobre 1915<\/strong> (Tomba n. 108 - Morto per la Francia).<br \/>\n<strong><u>DUMAS Fernand, Marius, Auguste (*)<\/u><\/strong>Nato il 14 luglio 1898 nelle Bocche del Rodano, \u00e8 stato marinaio e macchinista sulla nave \" <strong>BASCO <\/strong>\"che \u00e8 morto per ferite di guerra all'ospedale Sammit Clay di Sliema in seguito all'incendio della \"Basque\" il <strong>23 febbraio 1918<\/strong> (Tomba n. 135)<strong>.<br \/>\n<\/strong><strong><u>ENOT Eug\u00e8ne<\/u><\/strong>apprendista autista del <strong>JEANNE D'ARC\", <\/strong>che \u00e8 morto il <strong>21 maggio 1925 <\/strong>(Tomba n. 54)<strong>.<br \/>\n<\/strong><strong><u>GUEGAN Alexandre, Emile (*)<\/u><\/strong>nato il 31 agosto 1879 a Morbihan, soldato nella 1a guerra mondiale.<sup>er<\/sup> r\u00e9giment de marche d'Afrique, ferito quando il \" <strong>MAGELLANO<\/strong> \" l'11 dicembre 1916, mor\u00ec a bordo della nave \" <strong>TOURVILLE<\/strong> \"il <strong>12 dicembre 1916<\/strong> (Tomba n. 123 - Morto per la Francia).<br \/>\n<strong><u>GUENARD Ars\u00e8ne, Arthur (*)<\/u><\/strong>nato il 20 novembre 1880 a Seine et Marne, soldato secondo artigliere nel 17\u00b0 artiglieria, morto per ferite di guerra all'ospedale della Regia Marina di Bighi il <strong>15 ottobre 1915 <\/strong>(Tomba n. 106 - Morto per la Francia).<br \/>\n<strong><u>GUILLEMOTO Louis, Marie (*)<\/u><\/strong>Nato il 6 luglio 1891 a Morbihan, era un marinaio certificato a bordo della nave \" <strong>DIDEROT<\/strong> \"che \u00e8 morto in seguito a una grave caduta presso il Royal Navy Hospital di Bighi il <strong>25 agosto 1915 <\/strong>(Tomba n. 83 - Morto per la Francia)<strong>.<br \/>\n<\/strong><strong><u>GUILLUY Vulphy (*)<\/u><\/strong>nato il 21 novembre 1880 nella Somme, soldato 2<sup>th<\/sup> Artigliere del 25<sup>th<\/sup> reggimento di artiglieria, \u00e8 morto a bordo della nave ospedale inglese <strong>DUNHUN-CASTLE<\/strong> il <strong>9 ottobre 1915 <\/strong>(Tomba n. 105 - Morto per la Francia).<br \/>\n<strong><u>HAMON Jean-Baptiste (*)<\/u><\/strong>nato il 31 dicembre 1882 a C\u00f4tes du Nord, secondo quartiermastro della \" <strong>JEAN-BART<\/strong> \"che \u00e8 morto di febbre malarica al Royal Navy Hospital di Bighi il <strong>24 settembre 1915 <\/strong>(Tomba n. 87 - Morto per la Francia).<br \/>\n<strong><u>JACQUES Pierre, Marie (*)<\/u><\/strong>nato il 28 giugno 1890 nel Finist\u00e8re, quartiermastro cannoniere sulla nave \" <strong>TEMERAIRE<\/strong> \"che \u00e8 morto di tubercolosi al Royal Navy Hospital di Bighi il <strong>19 marzo 1916 <\/strong>(Tomba n. 115 - Morto per la Francia)<br \/>\n<strong><u>JAMBOU Guillaume (*)<\/u><\/strong>nato il 28 giugno 1893 nel Finist\u00e8re, aiuto macchinista sulla corazzata \"L'Or\u00e9al\". <strong>FRANCIA<\/strong> \"che \u00e8 morto di febbre tifoidea al Royal Navy Hospital di Bighi il <strong>15 giugno 1915 <\/strong>(Tomba n. 66 - Morto per la Francia)<strong>.<br \/>\n<\/strong><strong><u>JAMS Louis, Marie, Thomas (*)<\/u><\/strong>nato il 28 settembre 1890 a Loire Inf\u00e9rieure, marinaio e aiuto cannoniere sulla corazzata \". <strong>VOLTAIRE<\/strong> \"che \u00e8 morto di tubercolosi al Royal Navy Hospital di Bighi il <strong>23 settembre 1915 <\/strong>(Tomba n. 86 - Morto per la Francia)<strong>.<br \/>\n<\/strong><strong><u>JAN Fran\u00e7ois, Marie (*)<\/u><\/strong>nato il 17 ottobre 1892 nella C\u00f4tes du Nord, marinaio nella 3<sup>th<\/sup> a bordo della classe \" <strong>PARIGI <\/strong>\"che \u00e8 morto di polmonite e dissenteria all'ospedale della Royal Navy di Bighi il <strong>27 settembre 1915 <\/strong>(Tomba n. 88 - Morto per la Francia)<strong>.<br \/>\n<\/strong><strong><u>JOUBERT Charles, Alexandre (*)<\/u><\/strong>nato il 18 novembre 1865 a Morbihan, ufficiale di 3a classe a bordo della nave da rifornimento \"L'Or\u00e9al\". <strong>ZAR NICOLA II<\/strong> \"che \u00e8 morto per un ictus a bordo del <strong>22 agosto 1915 <\/strong>(Tomba n. 2 - Morto per la Francia).<br \/>\n<strong><u>JUMELLE Michel (*)<\/u><\/strong>nato il 23 dicembre 1873 a Cher, soldato del 59\u00b0 Fanteria Territoriale, vittima del siluramento della nave \" <strong>SONTAY<\/strong> \"che \u00e8 morto a bordo del <strong>MISCELATORE<\/strong> a seguito delle ferite subite in <strong>16 aprile 1917 <\/strong>(Tomba n. 127 - Morto per la Francia).<br \/>\n<strong><u>JUSTIN Emile, Marcel (*)<\/u><\/strong>nato il 7 settembre 1894 a Pas de Calais, marinaio sulla nave \" <strong>CASTELLO-RENAULT<\/strong> \"che \u00e8 morto per malattia (non specificata) presso il Royal Navy Hospital di Bighi il <strong>2 gennaio 1916 <\/strong>(Tomba n. 110 - Morto per la Francia)<strong>.<br \/>\n<\/strong><strong><u>KERDRAON Yves, Marie, Ren\u00e9 (*)<\/u><\/strong>nato il 28 luglio 1897 a Finist\u00e8re, marinaio cannoniere di 2a classe a bordo della nave \" . <strong>d'ENTRECASTEAUX <\/strong>\"che \u00e8 morto in ospedale per setticemia il <strong>7 novembre 1917 <\/strong>(Tomba n. 132)<strong>.<br \/>\n<\/strong><strong><u>KERZERHO Giuseppe, Marie (*)<\/u><\/strong>nato il 12 settembre 1892 a Morbihan (errore di data sulla lapide 26.05.1896) a Morbihan, marinaio autista della \" <strong>MIRABEAU<\/strong> \"Trovato morto il 1<sup>er<\/sup> Luglio 1915 sotto le macerie dopo l'esplosione al Navy Yard di<strong> 30 giugno 1915 <\/strong>(Tomba n. 71 - Morto per la Francia)<strong>.<br \/>\n<\/strong><strong><u>LABETOULLE Pierre (*)<\/u><\/strong>Nato il 26 maggio 1896 nei Basses Pyr\u00e9n\u00e9es, \u00e8 stato apprendista marinaio e aiuto macchinista sulla \" <strong>PATRIE<\/strong> \"che \u00e8 morto per le ustioni riportate in seguito ad un'esplosione nel bunker del carbone del Royal Navy Hospital di Bighi il <strong>17 dicembre 1914 <\/strong>(Tomba n. 52)<strong>.<br \/>\n<\/strong><strong><u>LE CANN Jean-Fran\u00e7ois (*)<\/u><\/strong>nato il 23 maggio 1867 nel Finist\u00e8re, marinaio cannoniere nella 1\u00aa classe.<sup>epoca<\/sup> a bordo della classe \" <strong>GULES-FERRY<\/strong> \"che \u00e8 morto di edema polmonare su <strong>15 maggio 1915 <\/strong>(Tomba n. 61 - Morto per la Francia)<strong>.<br \/>\n<\/strong><strong><u>LEONETTI Fran\u00e7ois, Saverio (*)<\/u><\/strong>nato il 2 dicembre 1893 in Corsica, marinaio sulla nave \" <strong>CORTECCIA<\/strong> \"trovato morto su <strong>8 giugno 1915<\/strong> (iscrizione sulla tomba datata 9 giugno 1915) ai piedi dei bastioni di Barrakka a seguito di una caduta la cui causa non ha potuto essere determinata dai periti del tribunale penale di La Valletta (Tomba N\u00b0 65 - Morto per la Francia)<strong>.<br \/>\n<\/strong><strong><u>MOGAT Henri, Maurice (*),<\/u><\/strong> marinaio autista <strong>\"L'AUSTRALIANO<\/strong>ferito durante il siluramento della sua nave, \u00e8 morto all'ospedale della Royal Navy di Bighi il <strong>22 luglio 1918<\/strong> (Tomba N\u00b0 ? )<strong>, <\/strong>morto per la Francia<br \/>\n<strong><u>MOUAZAN Yves, Robert (*)<\/u><\/strong>nato il 15 agosto 1892 nella Senna, marinaio sulla nave \" <strong>JEANBART<\/strong> \"che \u00e8 morto per la frattura del cranio al Royal Navy Hospital di Bighi il <strong>14 luglio 1915 <\/strong>(Tomba n. 77 - Morto per la Francia)<strong>.<br \/>\n<\/strong><strong><u>MOULIN Th\u00e9odore, Victor, Jean (*)<\/u><\/strong>nato il 14 aprile 1893 a H\u00e9rault, quartiermastro sulla nave \" <strong>MIRABEAU<\/strong> \"che \u00e8 morto per la frattura del cranio in seguito a un'esplosione avvenuta al Royal Navy Hospital di Bighi il <strong>30 giugno 1915 <\/strong>(Tomba n. 70 - Morto per la Francia)<strong>.<br \/>\n<\/strong><strong><u>PASTEZEUR Jean-Baptiste (*)<\/u><\/strong>nato il 27 novembre 1879 nel Finist\u00e8re, secondo maestro carpentiere sulla \" <strong>MIRABEAU<\/strong> \"che \u00e8 morto per la perforazione dello stomaco e la peritonite al Royal Navy Hospital di Bighi il <strong>28 settembre 1915 <\/strong>(Tomba n. 89).<br \/>\n<strong><u>PERREAUX Jean<\/u><\/strong>un conducente di coperta sulla <strong>BASCO<\/strong> \"che \u00e8 morto in mare il <strong>18 febbraio 1918<\/strong> quando la sua nave fu silurata (tomba n. 136).<br \/>\n<strong><u>PERRIN Dominique, L\u00e9on, Marie (*)<\/u><\/strong>nato il 21 maggio 1890 a Loire Inf\u00e9rieure, (rimpatriato da Salonicco) morto in mare quando la \"BASQUE\" fu silurata il 18 febbraio 1918. Morto per la Francia.<br \/>\n<strong><u>PETIT Eug\u00e8ne, Fran\u00e7ois (*)<\/u><\/strong>marinaio di macchina sulla <strong>CONDORCETTA<\/strong> \"che \u00e8 morto a bordo il <strong>27 gennaio 1915 <\/strong>(Tomba n. 56)<strong>.<br \/>\n<\/strong><strong><u>ROBIN Antoine, Guillaume (*)<\/u><\/strong>nato il 7 ottobre 1894 nella regione della Loira, quartiermastro corazziere sulla corazzata \". <strong>VERGNIAUD<\/strong> \"che \u00e8 morto per peritonite e ostruzione intestinale al Royal Navy Hospital di Bighi il <strong>12 settembre 1914 <\/strong>(Tomba n. 49)<strong>.<br \/>\n<\/strong><strong><u>RODRIGUEZ Pierre (*)<\/u>, <\/strong>marinaio di \" <strong>L'AUSTRALIANO<\/strong>ferito durante il siluramento della sua nave, \u00e8 morto all'ospedale della Royal Navy di Bighi il <strong>22 luglio 1918<\/strong> (Tomba N\u00b0 ? - Morto per la Francia).<br \/>\n<strong><u>SERVITORE<\/u><\/strong><u> <strong>Jean-Baptiste<\/strong><\/u>nato il 19 dicembre 1893 nell'Is\u00e8re, marinaio di coperta sulla nave \" <strong>PARIGI<\/strong> \"che \u00e8 morto di miocardite acuta su <strong>25 marzo 1915 <\/strong>(Tomba n. 58 - Morto per la Francia)<strong>.<br \/>\n<\/strong><strong><u>SYLVAN Fran\u00e7ois (*)<\/u><\/strong>Marinaio conducente di <strong>l'AUSTRALIANO<\/strong>che \u00e8 morto in mare quando la sua nave \u00e8 stata silurata il <strong>19 luglio 1918<\/strong>sul peschereccio di salvataggio, in seguito alla frattura del cranio (Tomba N\u00b0 148 - Morto per la Francia)<strong>.<br \/>\n<\/strong><strong><u>TAILLEFER Henri, Isidore (*)<\/u><\/strong>nato il 14 ottobre 1879 nella Marna, trombettiere del 17\u00b0 reggimento d'artiglieria, mor\u00ec per ferite di guerra all'Ospedale della Regia Marina di Bighi il <strong>23 ottobre 1915 <\/strong>(Tomba n. 107 - Morto per la Francia)<strong>.<br \/>\n<\/strong><strong><u>TAVERNIER Ippolita (*)<\/u><\/strong>nato l'11 gennaio 1875 nella Loira, soldato infermiere a bordo della nave \" <strong>SONTAY<\/strong> \"vittima del siluramento della sua nave, morto in mare il <strong>16 aprile 1917<\/strong> (Tomba n. 128 - Morto per la Francia)<strong>.<br \/>\n<\/strong><strong><u>TESSIER Alphonse, L\u00e9on (*)<\/u><\/strong>nato il 2 settembre 1891 nella Charente Inf\u00e9rieure, ingegnere marittimo sulla nave \" <strong>CORTECCIA<\/strong> \"che \u00e8 morto per intossicazione alimentare a bordo del <strong>28 giugno 1915 <\/strong>(Tomba n. 69 - Morto per la Francia)<strong>.<\/strong><\/p>\n<p><strong><span style=\"font-family: arial, helvetica, sans-serif;\">Fonti : <\/span><\/strong><\/p>\n<p><span style=\"font-family: arial, helvetica, sans-serif;\">https:\/\/mt.ambafrance.org\/Marins-et-soldats-francais-inhumes-a-Malte<\/span><\/p>","protected":false},"excerpt":{"rendered":"<p>BAUDET Ferdinand, Marie, n\u00e9 \u00e0 Plouhinec le 23 f\u00e9vrier 1892 dans le Morbihan, matelot du \u00ab VOLTAIRE \u00bb, d\u00e9c\u00e9d\u00e9 des suites de br\u00fblures au Royal Navy Hospital de Bighi le [&hellip;]<\/p>\n","protected":false},"author":2,"featured_media":8420,"comment_status":"closed","ping_status":"open","sticky":false,"template":"","format":"standard","meta":{"_et_pb_use_builder":"","_et_pb_old_content":"","_et_gb_content_width":"","footnotes":""},"categories":[263,65,93],"tags":[],"class_list":["post-8415","post","type-post","status-publish","format-standard","has-post-thumbnail","hentry","category-france","category-karolus","category-nos-pistes","et-has-post-format-content","et_post_format-et-post-format-standard"],"aioseo_notices":[],"_links":{"self":[{"href":"https:\/\/geniwal.be\/it\/wp-json\/wp\/v2\/posts\/8415","targetHints":{"allow":["GET"]}}],"collection":[{"href":"https:\/\/geniwal.be\/it\/wp-json\/wp\/v2\/posts"}],"about":[{"href":"https:\/\/geniwal.be\/it\/wp-json\/wp\/v2\/types\/post"}],"author":[{"embeddable":true,"href":"https:\/\/geniwal.be\/it\/wp-json\/wp\/v2\/users\/2"}],"replies":[{"embeddable":true,"href":"https:\/\/geniwal.be\/it\/wp-json\/wp\/v2\/comments?post=8415"}],"version-history":[{"count":0,"href":"https:\/\/geniwal.be\/it\/wp-json\/wp\/v2\/posts\/8415\/revisions"}],"wp:featuredmedia":[{"embeddable":true,"href":"https:\/\/geniwal.be\/it\/wp-json\/wp\/v2\/media\/8420"}],"wp:attachment":[{"href":"https:\/\/geniwal.be\/it\/wp-json\/wp\/v2\/media?parent=8415"}],"wp:term":[{"taxonomy":"category","embeddable":true,"href":"https:\/\/geniwal.be\/it\/wp-json\/wp\/v2\/categories?post=8415"},{"taxonomy":"post_tag","embeddable":true,"href":"https:\/\/geniwal.be\/it\/wp-json\/wp\/v2\/tags?post=8415"}],"curies":[{"name":"wp","href":"https:\/\/api.w.org\/{rel}","templated":true}]}}