{"id":8549,"date":"2022-05-12T16:54:15","date_gmt":"2022-05-12T14:54:15","guid":{"rendered":"https:\/\/geniwal.be\/?p=8549"},"modified":"2022-05-13T21:26:39","modified_gmt":"2022-05-13T19:26:39","slug":"origine-de-la-paroisse-de-villers-la-ville","status":"publish","type":"post","link":"https:\/\/geniwal.be\/it\/nos-pistes\/karolus\/origine-de-la-paroisse-de-villers-la-ville\/","title":{"rendered":"Origine della parrocchia di Villers-la-Ville"},"content":{"rendered":"<p style=\"text-align: left;\"><strong><span style=\"font-family: arial, helvetica, sans-serif; font-size: 18pt;\">Un po' di storia<\/span><\/strong><\/p>\n<div id=\"attachment_8556\" style=\"width: 235px\" class=\"wp-caption alignleft\"><img decoding=\"async\" aria-describedby=\"caption-attachment-8556\" class=\"wp-image-8556 size-medium lazyload\" data-src=\"https:\/\/geniwal.be\/wp-content\/uploads\/2022\/05\/Saint-Bernard-de-Clairvaux-225x300.jpg\" alt=\"\" width=\"225\" height=\"300\" src=\"data:image\/svg+xml;base64,PHN2ZyB3aWR0aD0iMSIgaGVpZ2h0PSIxIiB4bWxucz0iaHR0cDovL3d3dy53My5vcmcvMjAwMC9zdmciPjwvc3ZnPg==\" style=\"--smush-placeholder-width: 225px; --smush-placeholder-aspect-ratio: 225\/300;\" \/><p id=\"caption-attachment-8556\" class=\"wp-caption-text\">San Bernardo con il pastorale da abate, con in mano la regola benedettina dell'ordine cistercense da lui riformato, chiesa di San Bernardo, Fontaine-l\u00e8s-Dijon<\/p><\/div>\n<p style=\"text-align: left;\"><span style=\"font-family: arial, helvetica, sans-serif; font-size: 14pt;\">Au 12<sup>\u00e8<\/sup> I primi monaci si stabilirono nei boschi di Villers-la-Ville, nel Brabante Vallone (Belgio), nell'XI secolo. Nel 1125 <b>Bernard de Fontaine, abate di Clairvaux<\/b>nato a Fontaine-l\u00e8s-Dijon nel 1090, fu un monaco borgognone e riformatore della vita religiosa cattolica. Mor\u00ec il\u00a0<\/span><span style=\"font-family: arial, helvetica, sans-serif; font-size: 14pt;\"><time class=\"nowrap date-lien dday\" datetime=\"1153-08-27\" data-sort-value=\"1153-08-27\"><a title=\"20 agosto\" href=\"https:\/\/fr.wikipedia.org\/wiki\/20_ao%C3%BBt\">20 agosto<\/a>\u00a0<a title=\"1153\" href=\"https:\/\/fr.wikipedia.org\/wiki\/1153\">1153<\/a><\/time>\u00a0al<a title=\"Abbazia di Chiaravalle\" href=\"https:\/\/fr.wikipedia.org\/wiki\/Abbaye_de_Clairvaux\">Abbazia di Chiaravalle<\/a>Fu canonizzato nel 1174 e divenne cos\u00ec\u00a0<b>San Bernardo di Chiaravalle<\/b>. \u00c8 stato proclamato Dottore della Chiesa cattolica (<i>Medico mellifluo<\/i>) nel 1830 dal Papa\u00a0<a title=\"Pio VIII\" href=\"https:\/\/fr.wikipedia.org\/wiki\/Pie_VIII\"><span class=\"nowrap\">Gazza\u00a0<abbr class=\"abbr\" title=\"8\"><span class=\"romain\">VIII<\/span><\/abbr><\/span><\/a>.\u00a0<\/span><span style=\"font-family: arial, helvetica, sans-serif; font-size: 14pt;\">Questo\u00a0<\/span><span style=\"font-family: arial, helvetica, sans-serif; font-size: 14pt;\">Lo stesso anno, durante la sua visita a un luogo chiamato \"la Bover\u00e9e\", indic\u00f2 il luogo dove sarebbe stata costruita una nuova abbazia. Nel 1146, il Beato Laurent, primo abate di Villers, con 12 monaci e 7 fratelli, venne a stabilirsi a .<\/span><\/p>\n<div id=\"attachment_8557\" style=\"width: 230px\" class=\"wp-caption alignleft\"><img decoding=\"async\" aria-describedby=\"caption-attachment-8557\" class=\"wp-image-8557 size-medium lazyload\" data-src=\"https:\/\/geniwal.be\/wp-content\/uploads\/2022\/05\/Clemente_Alberi_\u2013_Ritratto_di_papa_Pio_VIII_c._1830-220x300.jpg\" alt=\"Tableau peint par Clemente Alberi vers 1830. Pinacoth\u00e8que civique de Forl\u00ec.\" width=\"220\" height=\"300\" src=\"data:image\/svg+xml;base64,PHN2ZyB3aWR0aD0iMSIgaGVpZ2h0PSIxIiB4bWxucz0iaHR0cDovL3d3dy53My5vcmcvMjAwMC9zdmciPjwvc3ZnPg==\" style=\"--smush-placeholder-width: 220px; --smush-placeholder-aspect-ratio: 220\/300;\" \/><p id=\"caption-attachment-8557\" class=\"wp-caption-text\">Pio VIII Dipinto da Clemente Alberi intorno al 1830. Pinacoteca Civica di Forl\u00ec.<\/p><\/div>\n<div id=\"attachment_8560\" style=\"width: 310px\" class=\"wp-caption alignleft\"><img decoding=\"async\" aria-describedby=\"caption-attachment-8560\" class=\"wp-image-8560 lazyload\" data-src=\"https:\/\/geniwal.be\/wp-content\/uploads\/2022\/05\/Villers-la-Ville.jpg\" alt=\"\" width=\"300\" height=\"228\" src=\"data:image\/svg+xml;base64,PHN2ZyB3aWR0aD0iMSIgaGVpZ2h0PSIxIiB4bWxucz0iaHR0cDovL3d3dy53My5vcmcvMjAwMC9zdmciPjwvc3ZnPg==\" style=\"--smush-placeholder-width: 300px; --smush-placeholder-aspect-ratio: 300\/228;\" \/><p id=\"caption-attachment-8560\" class=\"wp-caption-text\">L'abbazia vista da ovest - Incisione di Vorstermans il Giovane (1659)<\/p><\/div>\n<p style=\"text-align: left;\"><span style=\"font-family: arial, helvetica, sans-serif; font-size: 14pt;\"><strong>N.B :<\/strong> L'odierna abbazia di Villers-la-Ville si trova su un sito diverso da quello fondato nel 1125.<br \/>\n<\/span><\/p>\n<p style=\"text-align: left;\"><span style=\"font-family: arial, helvetica, sans-serif; font-size: 14pt;\">Questa abbazia di Villers-la-Ville, il cui nome canonico \u00e8 \"\u00a0<b>Abbazia di Villers-en-Brabant<\/b>\u00a0\"a volte erroneamente indicato come\u00a0<b>Abbazia di Villers-la-Ville<\/b> \"All'epoca era un monastero dell'ordine di C\u00eeteaux e una delle prime figlie dell'Abbazia di Clairvaux. <\/span><span style=\"font-family: arial, helvetica, sans-serif; font-size: 14pt;\">Fu protetta fin dall'inizio dai duchi di Brabante e fu presto fertile. Visita <u>XIII<abbr class=\"abbr\" title=\"14\u1d49 secolo\"><sup>e<\/sup><\/abbr><\/u>\u00a0secolo segna il suo apogeo. Tra il\u00a0<abbr class=\"abbr\" title=\"14\u1d49 secolo\"><span class=\"romain\">XIV<\/span><sup>e<\/sup><\/abbr>\u00a0e\u00a0<abbr class=\"abbr\" title=\"17\u1d49 secolo\"><span class=\"romain\">XVII<\/span><sup>e<\/sup><\/abbr>\u00a0Nel corso dei secoli, l'abbazia ha attraversato un susseguirsi di periodi calmi e travagliati, durante i quali i monaci hanno lasciato il sito in nove occasioni per motivi di insicurezza. A\u00a0<abbr class=\"abbr\" title=\"18\u1d49 secolo\"><span class=\"romain\">XVIII<\/span><sup>e<\/sup><\/abbr>\u00a0Nel XIX secolo, l'abbazia conobbe il suo secondo periodo d'oro, caratterizzato da una grande vivacit\u00e0 architettonica. Dopo la Rivoluzione francese, la comunit\u00e0 monastica dovette disperdersi e l'abbazia fu venduta come propriet\u00e0 nazionale.<\/span><\/p>\n<p>&nbsp;<\/p>\n<p style=\"text-align: left;\"><span style=\"font-size: 14pt; font-family: arial, helvetica, sans-serif; color: #ff0000;\">Scoprire il podcast dell'Abbazia di Villers: https:\/\/villers.be\/fr\/podcast<\/span><\/p>\n<p style=\"text-align: left;\"><strong><span style=\"font-size: 18pt; font-family: arial, helvetica, sans-serif;\">Creazione della parrocchia di Villers-la-Ville<\/span><\/strong><\/p>\n<div id=\"attachment_8562\" style=\"width: 410px\" class=\"wp-caption alignleft\"><img decoding=\"async\" aria-describedby=\"caption-attachment-8562\" class=\"wp-image-8562 lazyload\" data-src=\"https:\/\/geniwal.be\/wp-content\/uploads\/2022\/05\/Eglise-villers-la-ville.jpg\" alt=\"\" width=\"400\" height=\"300\" src=\"data:image\/svg+xml;base64,PHN2ZyB3aWR0aD0iMSIgaGVpZ2h0PSIxIiB4bWxucz0iaHR0cDovL3d3dy53My5vcmcvMjAwMC9zdmciPjwvc3ZnPg==\" style=\"--smush-placeholder-width: 400px; --smush-placeholder-aspect-ratio: 400\/300;\" \/><p id=\"caption-attachment-8562\" class=\"wp-caption-text\">Nostra Signora della Visitazione<\/p><\/div>\n<p style=\"text-align: left;\"><span style=\"font-family: arial, helvetica, sans-serif; font-size: 14pt;\">Questa parrocchia si form\u00f2 pi\u00f9 tardi, intorno al 1200. Era anche chiamata in parte Hollers, che era una franchigia, questa parte si trovava sull'altra sponda del fiume. \"la Thylle\". La parte dove si trova la chiesa si chiamava Villers-la-Ville come oggi. All'inizio, Villers era solo una cappella dipendente da Marbaix; c'era un vicario che viveva l\u00ec e fungeva da parroco. Tilly e Wagnel\u00e9e, situate molto vicine a Villers-la-Ville, si trovavano nella stessa situazione e dipendevano entrambe dai signori di Marbaix. Le tombe di questi signori e delle loro mogli si trovano nel coro della chiesa, sulla sinistra entrando, dove si possono vedere i loro epitaffi. La cappella \u00e8 molto antica e la sua torre non ha sempre avuto la stessa forma della chiesa attuale. Il coro non c'era e si accedeva alla cappella attraverso una piccola porta laterale sul lato che oggi funge da battistero. Il coro \u00e8 stato aggiunto nel 1731 e la cappella contiene un altare notevole per le sue figure antiche, intagliato in quercia con molte figure che di solito sono indicate come Betlemme, che rappresentano la storia della Beata Vergine dal momento del fidanzamento con San Giuseppe fino alla sua morte. Questo altare fu eretto nel 1593 e dedicato a Sant'Anna. La patrona della chiesa \u00e8 Nostra Signora della Visitazione.<br \/>\nPer 300 anni la parrocchia di Villers-la-Ville \u00e8 stata dipendente da Marbaix. Da allora ha avuto parroci indipendenti.<\/span><\/p>\n<p style=\"text-align: left;\"><a href=\"https:\/\/geniwal.be\/it\/non-classe\/les-cures-de-villers-la-ville-de-1511-a-1870\/\"><span style=\"font-family: arial, helvetica, sans-serif; font-size: 14pt;\">Elenco dei parroci di Villers-la-Ville<\/span><\/a><\/p>\n<p style=\"text-align: left;\"><span style=\"font-family: arial, helvetica, sans-serif; font-size: 14pt;\">Vedi anche : <a href=\"https:\/\/geniwal.be\/it\/nos-pistes\/karolus\/cures-et-vicaires-des-environs-de-villers-la-ville-vers-1892\/\">https:\/\/geniwal.be\/nos-pistes\/karolus\/cures-et-vicaires-des-environs-de-villers-la-ville-vers-1892\/<\/a><\/span><\/p>\n<p style=\"text-align: left;\"><strong><span style=\"font-family: arial, helvetica, sans-serif;\">Fonti iconografiche :<\/span><\/strong><\/p>\n<p style=\"text-align: left;\"><span style=\"font-family: arial, helvetica, sans-serif; font-size: 10pt;\">https:\/\/fr.wikipedia.org\/wiki\/Bernard_de_Clairvaux<\/span><br \/>\n<span style=\"font-family: arial, helvetica, sans-serif; font-size: 10pt;\">https:\/\/fr.wikipedia.org\/wiki\/Abbaye_de_Villers<\/span><br \/>\n<span style=\"font-family: arial, helvetica, sans-serif; font-size: 10pt;\">https:\/\/www.google.com\/search?rlz=1C1CHBF_frBE1000BE1000&amp;source=univ&amp;tbm=isch&amp;q=Images+de+Villers-la-Villes&amp;fir=VG_HzUs1oax4OM%252C1nDJw7-PlPM1zM%252C_%253B3HGGsvUjVrP4UM%252CaUu8w1lEKYSkSM%252C_%253BeqbSxlyQohhX6M%252CN9c-oqQ7d_XbuM%252C_%253BE-UVkH16OfND_M%252CRZWhb5lPOTlFjM%252C_%253BOeP5zHFvHWStJM%252CN9c-oqQ7d_XbuM%252C_%253B_g4NV1VyuNkf8M%252CRZWhb5lPOTlFjM%252C_%253BaqRqyXUOxKqwyM%252CN9c-oqQ7d_XbuM%252C_%253BRu-4nHUy_Vh3GM%252CN9c-oqQ7d_XbuM%252C_%253B3tC4g9jWpAkbjM%252C_E6knGaZjMKziM%252C_%253BjYxOoV_2dVvogM%252CN9c-oqQ7d_XbuM%252C_&amp;usg=AI4_-kR8E6hE6slu4-aLxLGbdtN1BOTqGQ&amp;sa=X&amp;ved=2ahUKEwi7gJy2ptz3AhWN16QKHUJMAI4QjJkEegQICRAC&amp;biw=1920&amp;bih=912&amp;dpr=1<\/span><br \/>\n<span style=\"font-family: arial, helvetica, sans-serif; font-size: 10pt;\">https:\/\/www.paroissevillerslaville.be\/<\/span><\/p>\n<p style=\"text-align: left;\"><span style=\"font-family: arial, helvetica, sans-serif; font-size: 10pt;\">Ps :L'articolo qui sopra \u00e8 stato estratto da una donazione di antichi manoscritti depositati presso G\u00e9niWal e aggiornato con alcuni testi tratti da Wikipedia.<\/span><\/p>","protected":false},"excerpt":{"rendered":"<p>Un peu d&rsquo;histoire Au 12\u00e8 si\u00e8cle des premiers moines sont venus s&rsquo;\u00e9tablir dans les bois de Villers-la-Ville en Brabant wallon (Belgique). En 1125 Bernard de Fontaine, abb\u00e9 de Clairvaux, n\u00e9 [&hellip;]<\/p>\n","protected":false},"author":2,"featured_media":8562,"comment_status":"closed","ping_status":"open","sticky":false,"template":"","format":"standard","meta":{"_et_pb_use_builder":"","_et_pb_old_content":"","_et_gb_content_width":"","footnotes":""},"categories":[262,69,65,93],"tags":[],"class_list":["post-8549","post","type-post","status-publish","format-standard","has-post-thumbnail","hentry","category-belgique","category-europe-occidentale","category-karolus","category-nos-pistes","et-has-post-format-content","et_post_format-et-post-format-standard"],"aioseo_notices":[],"_links":{"self":[{"href":"https:\/\/geniwal.be\/it\/wp-json\/wp\/v2\/posts\/8549","targetHints":{"allow":["GET"]}}],"collection":[{"href":"https:\/\/geniwal.be\/it\/wp-json\/wp\/v2\/posts"}],"about":[{"href":"https:\/\/geniwal.be\/it\/wp-json\/wp\/v2\/types\/post"}],"author":[{"embeddable":true,"href":"https:\/\/geniwal.be\/it\/wp-json\/wp\/v2\/users\/2"}],"replies":[{"embeddable":true,"href":"https:\/\/geniwal.be\/it\/wp-json\/wp\/v2\/comments?post=8549"}],"version-history":[{"count":0,"href":"https:\/\/geniwal.be\/it\/wp-json\/wp\/v2\/posts\/8549\/revisions"}],"wp:featuredmedia":[{"embeddable":true,"href":"https:\/\/geniwal.be\/it\/wp-json\/wp\/v2\/media\/8562"}],"wp:attachment":[{"href":"https:\/\/geniwal.be\/it\/wp-json\/wp\/v2\/media?parent=8549"}],"wp:term":[{"taxonomy":"category","embeddable":true,"href":"https:\/\/geniwal.be\/it\/wp-json\/wp\/v2\/categories?post=8549"},{"taxonomy":"post_tag","embeddable":true,"href":"https:\/\/geniwal.be\/it\/wp-json\/wp\/v2\/tags?post=8549"}],"curies":[{"name":"wp","href":"https:\/\/api.w.org\/{rel}","templated":true}]}}