{"id":8567,"date":"2022-05-13T17:59:38","date_gmt":"2022-05-13T15:59:38","guid":{"rendered":"https:\/\/geniwal.be\/?p=8567"},"modified":"2022-05-13T21:15:24","modified_gmt":"2022-05-13T19:15:24","slug":"les-cures-de-villers-la-ville-de-1511-a-1870","status":"publish","type":"post","link":"https:\/\/geniwal.be\/it\/nos-pistes\/non-classe\/les-cures-de-villers-la-ville-de-1511-a-1870\/","title":{"rendered":"I parroci di Villers-la-Ville dal 1511 al 1870"},"content":{"rendered":"<p style=\"text-align: left;\"><span style=\"font-family: arial, helvetica, sans-serif; font-size: 14pt;\"><strong>RUFFIN Jean<\/strong>Nominato parroco nel 1511, mor\u00ec nel 1557, dopo aver amministrato la parrocchia per 46 anni.<\/span><\/p>\n<p style=\"text-align: left;\"><span style=\"font-family: arial, helvetica, sans-serif; font-size: 14pt;\"><strong>YERNAU Nicolas<\/strong>nominato nel 1557, mor\u00ec nel 1577 dopo 20 anni di mandato.<\/span><\/p>\n<p style=\"text-align: left;\"><span style=\"font-family: arial, helvetica, sans-serif; font-size: 14pt;\"><strong>TOUSSAINT Jean<\/strong> di Villers-la-Ville, nominato nel 1577, mor\u00ec il 20\/06\/1619. Si dimise dalla curazia nel 1618, dopo essere stato parroco per 41 anni.<\/span><\/p>\n<p style=\"text-align: left;\"><span style=\"font-family: arial, helvetica, sans-serif; font-size: 14pt;\"><strong>DELFORGE Jean<\/strong>nominato nel 1618 e morto il 26\/01\/1662 dopo aver amministrato la parrocchia per 44 anni.<\/span><\/p>\n<p style=\"text-align: left;\"><span style=\"font-family: arial, helvetica, sans-serif; font-size: 14pt;\"><strong>DELVAUX Simon<\/strong>Nominato nel 1663, mor\u00ec il 16\/02\/1677 dopo aver prestato servizio per 14 anni. Era stato parroco di Marbaix per 9 anni.<\/span><\/p>\n<p style=\"text-align: left;\"><span style=\"font-family: arial, helvetica, sans-serif; font-size: 14pt;\"><strong>BAUDE Fran\u00e7ois<\/strong>nominato nel 1677 e morto nel 1716, dopo 39 anni di servizio.<\/span><\/p>\n<p style=\"text-align: left;\"><span style=\"font-family: arial, helvetica, sans-serif; font-size: 14pt;\"><strong>DESSART Jean Baptiste<\/strong>nominato nel 1715 e morto il 26 maggio 1755, dopo essere stato in carica per 39 anni, fu contemporaneamente decano della Cantille (<i>l'altare della chiesa Dominus Flevit di Genappe.<\/i><\/span><\/p>\n<p style=\"text-align: left;\"><span style=\"font-family: arial, helvetica, sans-serif; font-size: 14pt;\"><strong>PETIT Charles Philippe<\/strong>nominato nel 1755 e morto il 30\/07\/1800, dopo 47 anni di servizio.<\/span><\/p>\n<p style=\"text-align: left;\"><span style=\"font-family: arial, helvetica, sans-serif; font-size: 14pt;\"><strong>VRAY Nicolas<\/strong>Nominato ministro nel 1801, lo lasci\u00f2 nel 1803 per diventare parroco di Limelette.<\/span><\/p>\n<p style=\"text-align: left;\"><span style=\"font-family: arial, helvetica, sans-serif; font-size: 14pt;\"><strong>TAYMANS E<\/strong>Il parroco di Sart-Dame-Aveline, nominato nel 1803 e lasciato nel marzo 1804, prest\u00f2 servizio da quell'anno fino al 1803.<\/span><\/p>\n<p style=\"text-align: left;\"><span style=\"font-family: arial, helvetica, sans-serif; font-size: 14pt;\"><strong>GAUTOT Jean Fran\u00e7ois<\/strong>nominato il 17\/04\/1805, che dopo aver servito la parrocchia per 26 anni si dimise il 18\/04\/1831 a causa dell'et\u00e0, per ritirarsi a Fleurus, dove mor\u00ec nel 1855 all'et\u00e0 di 96 anni.<\/span><\/p>\n<p style=\"text-align: left;\"><span style=\"font-family: arial, helvetica, sans-serif; font-size: 14pt;\"><strong>ROULIN Pierre<\/strong>nato a Bruxelles il 01\/05\/1802, entrato nel seminario di Malines il 29\/09\/1820, ordinato sacerdote il 18\/09\/1824, nominato vicario a Braine-l'Alleud il 18\/09\/1824, nominato parroco a Villers-la-Ville il 28\/06\/1831, morto l\u00ec in data sconosciuta.<\/span><\/p>\n<p style=\"text-align: left;\"><span style=\"font-family: arial, helvetica, sans-serif; font-size: 14pt;\"><strong>PIERSON Victor<\/strong>ordinato sacerdote nel 1870, coadiutore a Houtain-le Val nel 1871, vicario a Marbais nel 1884, nominato parroco a Villers-la-Ville il 22\/10\/1886, morto l\u00ec il 14\/06\/1907<\/span><\/p>\n<p style=\"text-align: left;\"><span style=\"font-family: arial, helvetica, sans-serif; font-size: 14pt;\">N.B.: Questo elenco \u00e8 stato estratto da un archivio manoscritto creato tra il 1940 e il 1950 e donato a G\u00e9niWal, il cui autore \u00e8 sconosciuto.<\/span><\/p>\n<p>&nbsp;<\/p>\n<p>&nbsp;<\/p>","protected":false},"excerpt":{"rendered":"<p>RUFFIN Jean, nomm\u00e9 cur\u00e9 en 1511 et d\u00e9c\u00e9d\u00e9 en 1557 apr\u00e8s avoir administr\u00e9 sa paroisse pendant 46 ans. YERNAU Nicolas, nomm\u00e9 en 1557 d\u00e9c\u00e9d\u00e9 en 1577 apr\u00e8s avoir administr\u00e9 pendant [&hellip;]<\/p>\n","protected":false},"author":2,"featured_media":9022,"comment_status":"closed","ping_status":"open","sticky":false,"template":"","format":"standard","meta":{"_et_pb_use_builder":"","_et_pb_old_content":"","_et_gb_content_width":"","footnotes":""},"categories":[1],"tags":[],"class_list":["post-8567","post","type-post","status-publish","format-standard","has-post-thumbnail","hentry","category-non-classe","et-has-post-format-content","et_post_format-et-post-format-standard"],"aioseo_notices":[],"_links":{"self":[{"href":"https:\/\/geniwal.be\/it\/wp-json\/wp\/v2\/posts\/8567","targetHints":{"allow":["GET"]}}],"collection":[{"href":"https:\/\/geniwal.be\/it\/wp-json\/wp\/v2\/posts"}],"about":[{"href":"https:\/\/geniwal.be\/it\/wp-json\/wp\/v2\/types\/post"}],"author":[{"embeddable":true,"href":"https:\/\/geniwal.be\/it\/wp-json\/wp\/v2\/users\/2"}],"replies":[{"embeddable":true,"href":"https:\/\/geniwal.be\/it\/wp-json\/wp\/v2\/comments?post=8567"}],"version-history":[{"count":0,"href":"https:\/\/geniwal.be\/it\/wp-json\/wp\/v2\/posts\/8567\/revisions"}],"wp:featuredmedia":[{"embeddable":true,"href":"https:\/\/geniwal.be\/it\/wp-json\/wp\/v2\/media\/9022"}],"wp:attachment":[{"href":"https:\/\/geniwal.be\/it\/wp-json\/wp\/v2\/media?parent=8567"}],"wp:term":[{"taxonomy":"category","embeddable":true,"href":"https:\/\/geniwal.be\/it\/wp-json\/wp\/v2\/categories?post=8567"},{"taxonomy":"post_tag","embeddable":true,"href":"https:\/\/geniwal.be\/it\/wp-json\/wp\/v2\/tags?post=8567"}],"curies":[{"name":"wp","href":"https:\/\/api.w.org\/{rel}","templated":true}]}}