{"id":226779,"date":"2023-09-29T22:52:57","date_gmt":"2023-09-29T20:52:57","guid":{"rendered":"https:\/\/geniwal.be\/?p=226779"},"modified":"2023-09-29T22:52:57","modified_gmt":"2023-09-29T20:52:57","slug":"de-burlet-jules-philippe-marie-bourgmestre-de-nivelles-et-premier-ministre","status":"publish","type":"post","link":"https:\/\/geniwal.be\/nl\/nos-pistes\/personnalites-belges\/de-burlet-jules-philippe-marie-bourgmestre-de-nivelles-et-premier-ministre\/","title":{"rendered":"DE BURLET Jules Philippe Marie Burgemeester van Nijvel en Eerste Minister"},"content":{"rendered":"<p style=\"text-align: left;\"><span style=\"font-family: arial, helvetica, sans-serif; font-size: 14pt;\">Geboren in Elsene op 10 april 1844, overleden in zijn huis aan de Place Saint Paul in Nijvel op 01 maart 1897. Zoon van <strong>BURLET DORP<\/strong> Joseph Dieudonn\u00e9 en <strong>DUGNIOLLE<\/strong> Louis en Jeanne Julie Jos\u00e9phine.<br \/>\nWeduwnaar van <strong>VAN PUT<\/strong> Julia Marie Justine, echtgenoot van <strong>VERHAEGEN<\/strong> Eulalie Jos\u00e9phine Marie. Hij was de vader van Pierre \u00c9mile L\u00e9on Charles <strong>de BURLET<\/strong>geboren op 27 juli 1876<\/span><\/p>\n<p data-wp-editing=\"1\"><img decoding=\"async\" class=\"wp-image-226781 aligncenter lazyload\" data-src=\"https:\/\/geniwal.be\/wp-content\/uploads\/2023\/09\/DE-BURLET-JULES-NAISSANCES-1024x626-1-300x183.jpg\" alt=\"\" width=\"698\" height=\"426\" data-srcset=\"https:\/\/geniwal.be\/wp-content\/uploads\/2023\/09\/DE-BURLET-JULES-NAISSANCES-1024x626-1-300x183.jpg 300w, https:\/\/geniwal.be\/wp-content\/uploads\/2023\/09\/DE-BURLET-JULES-NAISSANCES-1024x626-1-768x470.jpg 768w, https:\/\/geniwal.be\/wp-content\/uploads\/2023\/09\/DE-BURLET-JULES-NAISSANCES-1024x626-1-18x12.jpg 18w, https:\/\/geniwal.be\/wp-content\/uploads\/2023\/09\/DE-BURLET-JULES-NAISSANCES-1024x626-1-600x367.jpg 600w, https:\/\/geniwal.be\/wp-content\/uploads\/2023\/09\/DE-BURLET-JULES-NAISSANCES-1024x626-1-98x60.jpg 98w, https:\/\/geniwal.be\/wp-content\/uploads\/2023\/09\/DE-BURLET-JULES-NAISSANCES-1024x626-1-147x90.jpg 147w, https:\/\/geniwal.be\/wp-content\/uploads\/2023\/09\/DE-BURLET-JULES-NAISSANCES-1024x626-1.jpg 1024w\" data-sizes=\"(max-width: 698px) 100vw, 698px\" src=\"data:image\/svg+xml;base64,PHN2ZyB3aWR0aD0iMSIgaGVpZ2h0PSIxIiB4bWxucz0iaHR0cDovL3d3dy53My5vcmcvMjAwMC9zdmciPjwvc3ZnPg==\" style=\"--smush-placeholder-width: 698px; --smush-placeholder-aspect-ratio: 698\/426;\" \/><\/p>\n<p>&nbsp;<\/p>\n<p><img decoding=\"async\" class=\"wp-image-226780 aligncenter lazyload\" data-src=\"https:\/\/geniwal.be\/wp-content\/uploads\/2023\/09\/ACTE-DE-DECES-DE-BURLET-JULES-1-300x201.jpg\" alt=\"\" width=\"710\" height=\"476\" data-srcset=\"https:\/\/geniwal.be\/wp-content\/uploads\/2023\/09\/ACTE-DE-DECES-DE-BURLET-JULES-1-300x201.jpg 300w, https:\/\/geniwal.be\/wp-content\/uploads\/2023\/09\/ACTE-DE-DECES-DE-BURLET-JULES-1-768x515.jpg 768w, https:\/\/geniwal.be\/wp-content\/uploads\/2023\/09\/ACTE-DE-DECES-DE-BURLET-JULES-1-18x12.jpg 18w, https:\/\/geniwal.be\/wp-content\/uploads\/2023\/09\/ACTE-DE-DECES-DE-BURLET-JULES-1-600x402.jpg 600w, https:\/\/geniwal.be\/wp-content\/uploads\/2023\/09\/ACTE-DE-DECES-DE-BURLET-JULES-1-89x60.jpg 89w, https:\/\/geniwal.be\/wp-content\/uploads\/2023\/09\/ACTE-DE-DECES-DE-BURLET-JULES-1-134x90.jpg 134w, https:\/\/geniwal.be\/wp-content\/uploads\/2023\/09\/ACTE-DE-DECES-DE-BURLET-JULES-1.jpg 896w\" data-sizes=\"(max-width: 710px) 100vw, 710px\" src=\"data:image\/svg+xml;base64,PHN2ZyB3aWR0aD0iMSIgaGVpZ2h0PSIxIiB4bWxucz0iaHR0cDovL3d3dy53My5vcmcvMjAwMC9zdmciPjwvc3ZnPg==\" style=\"--smush-placeholder-width: 710px; --smush-placeholder-aspect-ratio: 710\/476;\" \/><\/p>\n<p>&nbsp;<\/p>\n<p style=\"text-align: left;\"><span style=\"font-family: arial, helvetica, sans-serif; font-size: 14pt;\">Als Belgisch katholiek politicus begon hij zijn politieke carri\u00e8re op 21-jarige leeftijd. Als doctor in de rechten heeft hij<\/span><span style=\"font-family: arial, helvetica, sans-serif; font-size: 14pt;\">Na zijn rechtenstudie en zijn benoeming tot doctor in de rechten aan de Universit\u00e9 catholique de Louvain in 1866 werd Jules de BURLET advocaat in Nijvel (1866-1872) en vervolgens plaatsvervangend rechter bij de rechtbank van eerste aanleg in Nijvel (1872-1892). Hij werd in 1871 verkozen in de gemeenteraad, was de enige vertegenwoordiger van de katholieke partij en werd door de koning verkozen \"om het lot van de stad Nijvel te behartigen (1 juli 1872)\" tot 1891.<\/span><span style=\"font-family: arial, helvetica, sans-serif; font-size: 14pt;\">Als lid van de Katholieke Partij vertegenwoordigde hij Nijvel in de Belgische Kamer van Volksvertegenwoordigers vanaf 1884. In 1891 was hij \"minister van Binnenlandse Zaken en Schone Kunsten\". Hij was geen voorstander van algemeen stemrecht en zijn houding leidde tot de algemene staking van april 1893 voor algemeen stemrecht.<br \/>\n<\/span><span style=\"font-family: arial, helvetica, sans-serif; font-size: 14pt;\">Minister van Staat in 1896. Buitengewoon Gezant en Gevolmachtigd Minister van Zijne Majesteit de Koning der Belgen Leopold 2 bij Zijne Majesteit de Koning van Portugal en de Algarve, advocaat, voormalig burgemeester van Nijvel, voormalig minister van Binnenlandse Zaken en Openbaar Onderwijs, voormalig minister van Buitenlandse Zaken, voormalig lid van de Kamer van Volksvertegenwoordigers en de Senaat, Grootofficier in de Leopoldsorde, Groot Cordon van de Ordes van het Legioen van Eer, van Sint-Michiel, van de Poolster, van de Ster van Roemeni\u00eb, van Onze-Lieve-Vrouw van de Ontvangenis van Villa Vicosa van Burgerlijke Verdienste van Bulgarije, Commandeur in de Orde van Sint-Gregorius de Grote, gedecoreerd met het Kruis pro Ecclesia et Pontifice, woonachtig in Nijvel. eigenaar<\/span><\/p>\n<p style=\"text-align: left;\"><span style=\"font-family: arial, helvetica, sans-serif; font-size: 14pt;\">In 1894 werd hij verkozen tot senator en later tot premier van Belgi\u00eb.<\/span><\/p>\n<p style=\"text-align: left;\"><span style=\"font-family: arial, helvetica, sans-serif; font-size: 14pt;\">Nadat hij in 1896 zijn ambt had neergelegd en op 21 februari 1896 ontslag nam na een beroerte op 19 december 1895, werd hij benoemd tot staatsminister en was hij van 1896 tot zijn dood in 1897 ambassadeur in Portugal.<\/span><\/p>\n<p style=\"text-align: left;\"><span style=\"font-family: arial, helvetica, sans-serif;\"><strong>Bronnen :<\/strong><\/span><br \/>\n<span style=\"font-family: arial, helvetica, sans-serif;\">Le nouveau dictionnaire des belges, bewerkt door Thierry Den\u00f6el, uitgegeven door Le Cri, 1993, pagina 169\u00a0<\/span><br \/>\n<span style=\"font-family: arial, helvetica, sans-serif;\">https:\/\/fr.wikipedia.org\/wiki\/Jules_de_Burlet<\/span><br \/>\n<span style=\"font-family: arial, helvetica, sans-serif;\">L'avenir Brabant Wallon van maandag 7 augustus 2023, pagina 12<\/span><\/p>\n<p style=\"text-align: left;\"><span style=\"font-family: arial, helvetica, sans-serif;\"><strong>Fotocredit :<\/strong><\/span><br \/>\n<span style=\"font-family: arial, helvetica, sans-serif;\">https:\/\/fr.wikipedia.org\/wiki\/Jules_de_Burlet#\/media\/Fichier:Jules_de_burlet.jpg<\/span><\/p>","protected":false},"excerpt":{"rendered":"<p>N\u00e9 \u00e0 Ixelles le 10 avril 1844 est d\u00e9c\u00e9d\u00e9 en sa demeure Place Saint Paul le 01 mars 1897 \u00e0 Nivelles. Fils de VILLARD de BURLET Joseph Dieudonn\u00e9 et de [&hellip;]<\/p>\n","protected":false},"author":1,"featured_media":226782,"comment_status":"closed","ping_status":"open","sticky":false,"template":"","format":"standard","meta":{"_et_pb_use_builder":"","_et_pb_old_content":"","_et_gb_content_width":"","footnotes":""},"categories":[93,89],"tags":[],"class_list":["post-226779","post","type-post","status-publish","format-standard","has-post-thumbnail","hentry","category-nos-pistes","category-personnalites-belges","et-has-post-format-content","et_post_format-et-post-format-standard"],"aioseo_notices":[],"_links":{"self":[{"href":"https:\/\/geniwal.be\/nl\/wp-json\/wp\/v2\/posts\/226779","targetHints":{"allow":["GET"]}}],"collection":[{"href":"https:\/\/geniwal.be\/nl\/wp-json\/wp\/v2\/posts"}],"about":[{"href":"https:\/\/geniwal.be\/nl\/wp-json\/wp\/v2\/types\/post"}],"author":[{"embeddable":true,"href":"https:\/\/geniwal.be\/nl\/wp-json\/wp\/v2\/users\/1"}],"replies":[{"embeddable":true,"href":"https:\/\/geniwal.be\/nl\/wp-json\/wp\/v2\/comments?post=226779"}],"version-history":[{"count":1,"href":"https:\/\/geniwal.be\/nl\/wp-json\/wp\/v2\/posts\/226779\/revisions"}],"predecessor-version":[{"id":226783,"href":"https:\/\/geniwal.be\/nl\/wp-json\/wp\/v2\/posts\/226779\/revisions\/226783"}],"wp:featuredmedia":[{"embeddable":true,"href":"https:\/\/geniwal.be\/nl\/wp-json\/wp\/v2\/media\/226782"}],"wp:attachment":[{"href":"https:\/\/geniwal.be\/nl\/wp-json\/wp\/v2\/media?parent=226779"}],"wp:term":[{"taxonomy":"category","embeddable":true,"href":"https:\/\/geniwal.be\/nl\/wp-json\/wp\/v2\/categories?post=226779"},{"taxonomy":"post_tag","embeddable":true,"href":"https:\/\/geniwal.be\/nl\/wp-json\/wp\/v2\/tags?post=226779"}],"curies":[{"name":"wp","href":"https:\/\/api.w.org\/{rel}","templated":true}]}}