{"id":226788,"date":"2023-09-29T23:11:52","date_gmt":"2023-09-29T21:11:52","guid":{"rendered":"https:\/\/geniwal.be\/?p=226788"},"modified":"2023-09-29T23:11:52","modified_gmt":"2023-09-29T21:11:52","slug":"de-lalieux-de-la-rocq-emile-marie-rene-homme-politique-belge-bourgmestre-de-nivelles","status":"publish","type":"post","link":"https:\/\/geniwal.be\/nl\/nos-pistes\/personnalites-belges\/de-lalieux-de-la-rocq-emile-marie-rene-homme-politique-belge-bourgmestre-de-nivelles\/","title":{"rendered":"de LALIEUX de la ROCQ Emile Marie Ren\u00e9 Belgisch politicus, burgemeester van Nijvel."},"content":{"rendered":"<div class=\"mceTemp\"><\/div>\n<p>&nbsp;<\/p>\n<div id=\"attachment_8758\" style=\"width: 618px\" class=\"wp-caption alignleft\"><img decoding=\"async\" aria-describedby=\"caption-attachment-8758\" class=\"wp-image-8758 lazyload\" data-src=\"https:\/\/geniwal.be\/wp-content\/uploads\/2023\/08\/LE-LALIEUX_NAISSANCES002.jpg\" alt=\"\" width=\"608\" height=\"318\" src=\"data:image\/svg+xml;base64,PHN2ZyB3aWR0aD0iMSIgaGVpZ2h0PSIxIiB4bWxucz0iaHR0cDovL3d3dy53My5vcmcvMjAwMC9zdmciPjwvc3ZnPg==\" style=\"--smush-placeholder-width: 608px; --smush-placeholder-aspect-ratio: 608\/318;\" \/><p id=\"caption-attachment-8758\" class=\"wp-caption-text\">Geboorteakten van de LALIEUX de la ROCQ<\/p><\/div>\n<div id=\"attachment_8759\" style=\"width: 310px\" class=\"wp-caption alignleft\"><img decoding=\"async\" aria-describedby=\"caption-attachment-8759\" class=\"wp-image-8759 lazyload\" data-src=\"https:\/\/geniwal.be\/wp-content\/uploads\/2023\/08\/DE_LALIEUX_DE_LA_ROCQ_Emile_7642_et_Louis_57061_05.jpg\" alt=\"\" width=\"300\" height=\"471\" src=\"data:image\/svg+xml;base64,PHN2ZyB3aWR0aD0iMSIgaGVpZ2h0PSIxIiB4bWxucz0iaHR0cDovL3d3dy53My5vcmcvMjAwMC9zdmciPjwvc3ZnPg==\" style=\"--smush-placeholder-width: 300px; --smush-placeholder-aspect-ratio: 300\/471;\" \/><p id=\"caption-attachment-8759\" class=\"wp-caption-text\">Vrome afbeeldingen door de LALIEUX de la ROCQ<\/p><\/div>\n<div id=\"attachment_8760\" style=\"width: 526px\" class=\"wp-caption alignleft\"><img decoding=\"async\" aria-describedby=\"caption-attachment-8760\" class=\"wp-image-8760 lazyload\" data-src=\"https:\/\/geniwal.be\/wp-content\/uploads\/2023\/08\/LE-LALIEUX_NAISSANCES003-300x191.jpg\" alt=\"\" width=\"516\" height=\"329\" src=\"data:image\/svg+xml;base64,PHN2ZyB3aWR0aD0iMSIgaGVpZ2h0PSIxIiB4bWxucz0iaHR0cDovL3d3dy53My5vcmcvMjAwMC9zdmciPjwvc3ZnPg==\" style=\"--smush-placeholder-width: 516px; --smush-placeholder-aspect-ratio: 516\/329;\" \/><p id=\"caption-attachment-8760\" class=\"wp-caption-text\">Mortuarium van de burgemeester van LALIEUX de la ROCQ in het gemeentehuis van Nijvel<\/p><\/div>\n<p>&nbsp;<\/p>\n<p>&nbsp;<\/p>\n<p>&nbsp;<\/p>\n<p>&nbsp;<\/p>\n<p>&nbsp;<\/p>\n<p>&nbsp;<\/p>\n<p>&nbsp;<\/p>\n<p>&nbsp;<\/p>\n<p>&nbsp;<\/p>\n<p>&nbsp;<\/p>\n<p>&nbsp;<\/p>\n<p>&nbsp;<\/p>\n<div id=\"attachment_8765\" style=\"width: 610px\" class=\"wp-caption aligncenter\"><img decoding=\"async\" aria-describedby=\"caption-attachment-8765\" class=\"wp-image-8765 lazyload\" data-src=\"https:\/\/geniwal.be\/wp-content\/uploads\/2023\/08\/vd-3-lausanne-ouchy-mit-genfersee-und-panorama-ca-1915.jpg\" alt=\"\" width=\"600\" height=\"387\" src=\"data:image\/svg+xml;base64,PHN2ZyB3aWR0aD0iMSIgaGVpZ2h0PSIxIiB4bWxucz0iaHR0cDovL3d3dy53My5vcmcvMjAwMC9zdmciPjwvc3ZnPg==\" style=\"--smush-placeholder-width: 600px; --smush-placeholder-aspect-ratio: 600\/387;\" \/><p id=\"caption-attachment-8765\" class=\"wp-caption-text\">Ouchy plaats van overlijden van LALIEUX de la ROCQ<\/p><\/div>\n<p>&nbsp;<\/p>\n<p style=\"text-align: left;\"><span style=\"font-size: 14pt;\"><span style=\"font-family: arial, helvetica, sans-serif;\">Geboren in Nivelles op 25\/11\/1862 en overleden in Ouchy-Lausanne, Zwitserland op 07\/09\/1918, 55 jaar oud. Zoon van Ren\u00e9 Adolphe <\/span><strong style=\"font-family: arial, helvetica, sans-serif;\">de LALIEUX<\/strong><span style=\"font-family: arial, helvetica, sans-serif;\"> geboren op 1<\/span><sup style=\"font-family: arial, helvetica, sans-serif;\">er<\/sup><span style=\"font-family: arial, helvetica, sans-serif;\"> november 1822 in Feluy, Seneffe overleed op 23\/03\/ 1905 in Nijvel en <\/span><strong style=\"font-family: arial, helvetica, sans-serif;\">de le HOYE<\/strong><span style=\"font-family: arial, helvetica, sans-serif;\"> Julie Marie Jeanne geboren 11\/10\/1822 te Nijvel en overleden 20\/02\/1865 te Nijvel uit deze verbintenis werden vier kinderen geboren: <\/span><strong style=\"font-family: arial, helvetica, sans-serif;\">de LALIEUX<\/strong><span style=\"font-family: arial, helvetica, sans-serif;\"> Marie, <\/span><strong style=\"font-family: arial, helvetica, sans-serif;\">de LALIEUX<\/strong><span style=\"font-family: arial, helvetica, sans-serif;\"> L\u00e9ontine, <\/span><strong style=\"font-family: arial, helvetica, sans-serif;\">de LALIEUX<\/strong><span style=\"font-family: arial, helvetica, sans-serif;\"> Marie, <\/span><strong style=\"font-family: arial, helvetica, sans-serif;\">de LALIEUX<\/strong><span style=\"font-family: arial, helvetica, sans-serif;\"> Emile Marie Ren\u00e9.\u00a0<\/span><\/span><span style=\"font-family: arial, helvetica, sans-serif; font-size: 14pt;\">Emile Marie Ren\u00e9 trouwde 03\/06\/1890 te Verviers <strong>SIMONIS<\/strong> Maria Euphrosine Amande Jos\u00e9phine geboren 16\/05\/1866 te Verviers, overleden 14\/04\/1945 te Nijvel.<\/span><\/p>\n<p style=\"text-align: left;\"><span style=\"font-family: arial, helvetica, sans-serif; font-size: 14pt;\">Uit deze verbintenis kwamen 3 kinderen voort.<br \/>\n<\/span><br \/>\n<span style=\"font-family: arial, helvetica, sans-serif; font-size: 14pt;\">Berthe Euphrosine Ren\u00e9e <strong>LALIEUX de la ROCQ<\/strong>geboren te Nijvel op 08\/06\/1891 en overleden te Brussel (hoofdstad) op 01\/04\/1980. Begraven te Nijvel op 16\/04\/1980.<br \/>\n<\/span><br \/>\n<span style=\"font-family: arial, helvetica, sans-serif; font-size: 14pt;\">Louis de <strong>LALIEUX de la ROCQ, <\/strong>Hij werd op 16\/01\/1894 in Verviers geboren en raakte op 14\/09\/1917 in Calais (Frankrijk) op 23-jarige leeftijd dodelijk gewond.<\/span><\/p>\n<p style=\"text-align: left;\"><span style=\"font-family: arial, helvetica, sans-serif; font-size: 14pt;\">Ren\u00e9 de <strong>LALIEUX de la ROCQ, <\/strong>geboren te Nijvel op 16\/08\/1895 en overleden op 28\/11\/1896 te Keulen (Duitsland).<\/span><\/p>\n<p style=\"text-align: left;\"><span style=\"font-family: arial, helvetica, sans-serif; font-size: 14pt;\"><strong>N.B.<\/strong><\/span><\/p>\n<p style=\"text-align: left;\"><span style=\"font-family: arial, helvetica, sans-serif; font-size: 14pt;\">Bij arrest van het Hof van 1<sup>tijdperk<\/sup> de Nijvel, 1<sup>tijdperk<\/sup> Chambre enregistr\u00e9 sur exp\u00e9dition rendu le 15 juillet 1912, transcrit sur les registres de l'\u00e9tat civil des naissances de la ville de Nivelles le 29 juillet 1912 sous le num\u00e9ro 123. De geboorteakte is gerectificeerd in die zin dat de naam LALIEUX zal worden samengevoegd met \"de la ROCQ\". Nijvel 30 juli 1912. De schepen van de burgerlijke stand P de BRULET. Nijvel, 06 augustus 1912. De griffier<\/span><\/p>\n<p style=\"text-align: left;\"><span style=\"font-size: 14pt;\"><strong><span style=\"font-family: arial, helvetica, sans-serif;\">Biografie :<\/span><\/strong><\/span><\/p>\n<p style=\"text-align: left;\"><span style=\"font-family: arial, helvetica, sans-serif; font-size: 14pt;\">Met een doctoraat in de rechten aan de Katholieke Universiteit van Leuven en een landadel was hij een van de pioniers van de christendemocratie in Waals-Brabant. <\/span><br \/>\n<span style=\"font-family: arial, helvetica, sans-serif; font-size: 14pt;\">Hij wijdde zijn jeugd aan de arbeidersklasse, waar hij zowel politiek als sociaal bijdroeg aan de verbetering van de arbeidersklasse. In 1889 was hij voorzitter van de Jeune garde catholique en van de Ligue des Capacitaires de Nivelles, die hij oprichtte in de wijk Nivelles. Hij was vooral voorstander van algemeen kiesrecht, getemperd door meervoudige stemmingen. Datzelfde jaar moedigde Paus Leo XIII het sociaal katholicisme aan. Hij richtte de Democratische Liga op in de provincie Brabant.<\/span><br \/>\n<span style=\"font-size: 14pt;\"><span style=\"font-family: arial, helvetica, sans-serif;\">Hij werd verkozen in de gemeenteraad van Nijvel op 19 oktober 1890 en daarna als schepen op 06 april 1891. Na de invoering van het algemeen meervoudig stemrecht werd hij in 1896 afgevaardigde voor Nijvel in de Kamer van Volksvertegenwoordigers, waar hij bleef tot 1900. In 1908 verving hij <strong>J. BRABANT<\/strong> overleden. In 1910 werd hij niet herkozen. Het jaar daarop, na het aftreden van <strong>G. SNOY<\/strong> wordt hij weer parlementslid door zijn zetel in te nemen. <\/span><span style=\"font-family: arial, helvetica, sans-serif;\">Zijn ambtstermijn eindigde tijdens de Grote Oorlog. In 1905 benoemde de Koning hem tot burgemeester van Nijvel (cit\u00e9 des Aclots).<br \/>\nTijdens de Eerste Wereldoorlog werd de stad Nivelles niet getroffen door de slachtpartijen van de Duitse invasie, maar werd ze onderworpen aan de bezettingsvoorwaarden die door de bezetter werden opgelegd. Hij raakte betrokken bij zijn morele missie. In april 1915 werd hij gearresteerd omdat hij hielp bij het uitdelen van hulpgoederen aan spoorwegarbeiders die weigerden voor de bezetter te werken. Hij weigerde een lijst te geven van de \"werklozen\" in zijn stad. Hij werd vier maanden gevangen gehouden in Nijvel en vervolgens naar Duitsland gedeporteerd, waar hij een lange en pijnlijke ziekte kreeg. De Duitsers beschouwden hem als ernstig ziek en \"ongewenst\". Dankzij de tussenkomst van het Rode Kruis werd hij overgebracht naar Zwitserland, waar hij nooit meer terugkeerde uit ballingschap. Zijn stoffelijk overschot werd pas op zaterdag 24 april 1920, de dag van de offici\u00eble religieuze ceremonie, teruggebracht naar Nivelles. Zijn lichaam werd dan naar de familiegrafkelder in Feluy gebracht voor het naar Nivelles werd overgebracht, waar het tot op vandaag blijft.<\/span><\/span><\/p>\n<p style=\"text-align: left;\"><span style=\"font-size: 14pt;\"><strong><span style=\"font-family: arial, helvetica, sans-serif;\">Bronnen :<\/span><\/strong><\/span><\/p>\n<p style=\"text-align: left;\"><span style=\"font-family: arial, helvetica, sans-serif; font-size: 14pt;\"><a href=\"https:\/\/fr.wikipedia.org\/wiki\/%C3%89mile_de_Lalieux_de_La_Rocq\">https:\/\/fr.wikipedia.org\/wiki\/%C3%89mile_de_Lalieux_de_La_Rocq<\/a><\/span><br \/>\n<span style=\"font-family: arial, helvetica, sans-serif; font-size: 14pt;\"><a href=\"https:\/\/connaitrelawallonie.wallonie.be\/fr\/wallons-marquants\/dictionnaire\/de-lalieux-de-la-rocq-emile\">https:\/\/connaitrelawallonie.wallonie.be\/fr\/wallons-marquants\/dictionnaire\/de-lalieux-de-la-rocq-emile<\/a><\/span><br \/>\n<span style=\"font-family: arial, helvetica, sans-serif; font-size: 14pt;\"><a href=\"https:\/\/monvieuxnivelles.jimdofree.com\/ev%C3%A9nements\/les-fun%C3%A9railles-d-emile-de-lalieux\/\">https:\/\/monvieuxnivelles.jimdofree.com\/ev%C3%A9nements\/les-fun%C3%A9railles-d-emile-de-lalieux\/<\/a><\/span><\/p>\n<p style=\"text-align: left;\"><span style=\"font-size: 14pt;\"><strong><span style=\"font-family: arial, helvetica, sans-serif;\">Iconografisch krediet :<br \/>\n<\/span><\/strong><a href=\"https:\/\/monvieuxnivelles.jimdofree.com\/ev%C3%A9nements\/les-fun%C3%A9railles-d-emile-de-lalieux\/\"><span style=\"font-family: arial, helvetica, sans-serif;\">https:\/\/monvieuxnivelles.jimdofree.com\/ev%C3%A9nements\/les-fun%C3%A9railles-d-emile-de-lalieux\/<\/span><\/a><\/span><\/p>","protected":false},"excerpt":{"rendered":"<p>&nbsp; &nbsp; &nbsp; &nbsp; &nbsp; &nbsp; &nbsp; &nbsp; &nbsp; &nbsp; &nbsp; &nbsp; &nbsp; &nbsp; N\u00e9 \u00e0 Nivelles le 25\/11\/1862 et d\u00e9c\u00e9d\u00e9 \u00e0 Ouchy-Lausanne, Suisse le 07\/09\/1918 \u00e2g\u00e9 de 55 ans. [&hellip;]<\/p>\n","protected":false},"author":1,"featured_media":226789,"comment_status":"closed","ping_status":"open","sticky":false,"template":"","format":"standard","meta":{"_et_pb_use_builder":"","_et_pb_old_content":"","_et_gb_content_width":"","footnotes":""},"categories":[93,89],"tags":[],"class_list":["post-226788","post","type-post","status-publish","format-standard","has-post-thumbnail","hentry","category-nos-pistes","category-personnalites-belges","et-has-post-format-content","et_post_format-et-post-format-standard"],"aioseo_notices":[],"_links":{"self":[{"href":"https:\/\/geniwal.be\/nl\/wp-json\/wp\/v2\/posts\/226788","targetHints":{"allow":["GET"]}}],"collection":[{"href":"https:\/\/geniwal.be\/nl\/wp-json\/wp\/v2\/posts"}],"about":[{"href":"https:\/\/geniwal.be\/nl\/wp-json\/wp\/v2\/types\/post"}],"author":[{"embeddable":true,"href":"https:\/\/geniwal.be\/nl\/wp-json\/wp\/v2\/users\/1"}],"replies":[{"embeddable":true,"href":"https:\/\/geniwal.be\/nl\/wp-json\/wp\/v2\/comments?post=226788"}],"version-history":[{"count":1,"href":"https:\/\/geniwal.be\/nl\/wp-json\/wp\/v2\/posts\/226788\/revisions"}],"predecessor-version":[{"id":226791,"href":"https:\/\/geniwal.be\/nl\/wp-json\/wp\/v2\/posts\/226788\/revisions\/226791"}],"wp:featuredmedia":[{"embeddable":true,"href":"https:\/\/geniwal.be\/nl\/wp-json\/wp\/v2\/media\/226789"}],"wp:attachment":[{"href":"https:\/\/geniwal.be\/nl\/wp-json\/wp\/v2\/media?parent=226788"}],"wp:term":[{"taxonomy":"category","embeddable":true,"href":"https:\/\/geniwal.be\/nl\/wp-json\/wp\/v2\/categories?post=226788"},{"taxonomy":"post_tag","embeddable":true,"href":"https:\/\/geniwal.be\/nl\/wp-json\/wp\/v2\/tags?post=226788"}],"curies":[{"name":"wp","href":"https:\/\/api.w.org\/{rel}","templated":true}]}}