{"id":227198,"date":"2024-12-19T11:46:43","date_gmt":"2024-12-19T10:46:43","guid":{"rendered":"https:\/\/geniwal.be\/?p=227198"},"modified":"2025-12-09T19:47:27","modified_gmt":"2025-12-09T18:47:27","slug":"in-memoriam-jean-pierre-uguen","status":"publish","type":"post","link":"https:\/\/geniwal.be\/nl\/nos-pistes\/in-memoriam-a-la-memoire\/in-memoriam-jean-pierre-uguen\/","title":{"rendered":"IN MEMORIAM Jean Pierre UGUEN"},"content":{"rendered":"<p>Jean Pierre Uguen, voormalig voorzitter van de Cercle g\u00e9n\u00e9alogique du Languedoc, is vertrokken om terug te keren naar het land van zijn voorouders.<br \/>\nIk had het geluk hem te ontmoeten voor de eerste genealogiebeurs in La Garenne Colombe in 2006. Sindsdien zijn onze wegen nooit meer gescheiden geweest. Jean-Pierre is altijd een voorbeeldige voorzitter geweest, met aandacht voor de behoeften van zijn leden, organisator en gastheer van verschillende salons in Mauguio (Languedoc), enzovoort. De lijst van zijn activiteiten in de genealogische wereld is indrukwekkend.<br \/>\nHij zal altijd een trouwe vriend blijven, ook al heeft het leven hem gedwongen om terug te treden als voorzitter om gezondheidsredenen.<\/p>\n<p>Jean-Pierre, voor mij en Chantal zal je altijd een buitengewoon persoon zijn op wie we konden rekenen.<\/p>\n<p>Rust in vrede<\/p>","protected":false},"excerpt":{"rendered":"<p>Jean Pierre Uguen est parti rejoindre la terre ses anc\u00eatres, ancien pr\u00e9sident du Cercle g\u00e9n\u00e9alogique du Languedoc. J&rsquo;ai eu la chance de le rencontrer quelque temps avant le premier salon [&hellip;]<\/p>\n","protected":false},"author":2,"featured_media":227199,"comment_status":"closed","ping_status":"open","sticky":false,"template":"","format":"standard","meta":{"_et_pb_use_builder":"","_et_pb_old_content":"","_et_gb_content_width":"","footnotes":""},"categories":[49],"tags":[],"class_list":["post-227198","post","type-post","status-publish","format-standard","has-post-thumbnail","hentry","category-in-memoriam-a-la-memoire","et-has-post-format-content","et_post_format-et-post-format-standard"],"aioseo_notices":[],"_links":{"self":[{"href":"https:\/\/geniwal.be\/nl\/wp-json\/wp\/v2\/posts\/227198","targetHints":{"allow":["GET"]}}],"collection":[{"href":"https:\/\/geniwal.be\/nl\/wp-json\/wp\/v2\/posts"}],"about":[{"href":"https:\/\/geniwal.be\/nl\/wp-json\/wp\/v2\/types\/post"}],"author":[{"embeddable":true,"href":"https:\/\/geniwal.be\/nl\/wp-json\/wp\/v2\/users\/2"}],"replies":[{"embeddable":true,"href":"https:\/\/geniwal.be\/nl\/wp-json\/wp\/v2\/comments?post=227198"}],"version-history":[{"count":6,"href":"https:\/\/geniwal.be\/nl\/wp-json\/wp\/v2\/posts\/227198\/revisions"}],"predecessor-version":[{"id":227924,"href":"https:\/\/geniwal.be\/nl\/wp-json\/wp\/v2\/posts\/227198\/revisions\/227924"}],"wp:featuredmedia":[{"embeddable":true,"href":"https:\/\/geniwal.be\/nl\/wp-json\/wp\/v2\/media\/227199"}],"wp:attachment":[{"href":"https:\/\/geniwal.be\/nl\/wp-json\/wp\/v2\/media?parent=227198"}],"wp:term":[{"taxonomy":"category","embeddable":true,"href":"https:\/\/geniwal.be\/nl\/wp-json\/wp\/v2\/categories?post=227198"},{"taxonomy":"post_tag","embeddable":true,"href":"https:\/\/geniwal.be\/nl\/wp-json\/wp\/v2\/tags?post=227198"}],"curies":[{"name":"wp","href":"https:\/\/api.w.org\/{rel}","templated":true}]}}