{"id":227985,"date":"2025-12-26T13:16:00","date_gmt":"2025-12-26T12:16:00","guid":{"rendered":"https:\/\/geniwal.be\/?p=227985"},"modified":"2025-12-26T13:55:23","modified_gmt":"2025-12-26T12:55:23","slug":"lorigine-de-letat-civil-en-belgique","status":"publish","type":"post","link":"https:\/\/geniwal.be\/nl\/nos-pistes\/genealogie\/lorigine-de-letat-civil-en-belgique\/","title":{"rendered":"De oorsprong van de burgerlijke stand in Belgi\u00eb"},"content":{"rendered":"<h2 style=\"text-align: center;\"><span style=\"font-size: 24pt;\">De oorsprong en de ontwikkeling van de burgerlijke stand in Belgi\u00eb<\/span><\/h2>\n<p><span style=\"font-size: 16pt;\">In tegenstelling tot Frankrijk volgde Belgi\u00eb niet het Edict van Villers-Cotter\u00eats, ook bekend als de Ordonnantie van Villers-Cotter\u00eats, een belangrijke juridische tekst die in 1539 werd uitgevaardigd door koning Fran\u00e7ois I. Het was een essenti\u00eble stap in de opbouw van de moderne Franse staat, vooral op het gebied van administratie, rechtspraak en persoonsregistratie. Het was een essenti\u00eble stap in de opbouw van de moderne Franse staat, vooral op het gebied van administratie, rechtspraak en persoonsregistratie.<\/span><\/p>\n<p><span style=\"font-size: 16pt;\">Edict van Villers-Cotter\u00eats<\/span><\/p>\n<p><span style=\"font-size: 16pt;\"><img decoding=\"async\" class=\"size-medium wp-image-227987 alignleft lazyload\" data-src=\"https:\/\/geniwal.be\/wp-content\/uploads\/2025\/12\/Villers-Cot-300x220.jpg\" alt=\"\" width=\"300\" height=\"220\" data-srcset=\"https:\/\/geniwal.be\/wp-content\/uploads\/2025\/12\/Villers-Cot-300x220.jpg 300w, https:\/\/geniwal.be\/wp-content\/uploads\/2025\/12\/Villers-Cot-768x562.jpg 768w, https:\/\/geniwal.be\/wp-content\/uploads\/2025\/12\/Villers-Cot-16x12.jpg 16w, https:\/\/geniwal.be\/wp-content\/uploads\/2025\/12\/Villers-Cot-600x439.jpg 600w, https:\/\/geniwal.be\/wp-content\/uploads\/2025\/12\/Villers-Cot-82x60.jpg 82w, https:\/\/geniwal.be\/wp-content\/uploads\/2025\/12\/Villers-Cot-123x90.jpg 123w, https:\/\/geniwal.be\/wp-content\/uploads\/2025\/12\/Villers-Cot.jpg 960w\" data-sizes=\"(max-width: 300px) 100vw, 300px\" src=\"data:image\/svg+xml;base64,PHN2ZyB3aWR0aD0iMSIgaGVpZ2h0PSIxIiB4bWxucz0iaHR0cDovL3d3dy53My5vcmcvMjAwMC9zdmciPjwvc3ZnPg==\" style=\"--smush-placeholder-width: 300px; --smush-placeholder-aspect-ratio: 300\/220;\" \/>De burgerlijke stand is het geheel van offici\u00eble documenten waarmee een persoon gedurende zijn of haar hele leven wettelijk kan worden ge\u00efdentificeerd. Het omvat geboorte-, huwelijks- en overlijdensakten. In Belgi\u00eb werd de burgerlijke stand niet geleidelijk aan ingevoerd, maar vindt zijn oorsprong in de grote politieke en juridische transformaties van het einde van de achttiende\u1d49 eeuw, vooral onder invloed van het revolutionaire Frankrijk.<\/span><\/p>\n<p><span style=\"font-size: 16pt;\">V\u00f3\u00f3r de invoering van de moderne burgerlijke stand werd de registratie van personen uitgevoerd door de katholieke kerk (zie artikel over het Concilie van Trente). Tot het einde van de XVIII\u1d49 eeuw waren parochieregisters de enige offici\u00eble bron van informatie over de bevolking. Priesters registreerden hierin dopen, religieuze huwelijken en begrafenissen. Dit systeem had echter verschillende beperkingen. Het was voornamelijk religieus, waardoor bepaalde mensen werden uitgesloten of gemarginaliseerd, en het ontbrak aan uniformiteit en staatscontrole. Bovendien garandeerden deze registers niet altijd een duidelijke wettelijke erkenning van burgerrechten.<\/span><\/p>\n<p><span style=\"font-size: 16pt;\">Een grote verandering vond plaats in 1795, toen de gebieden die overeenkwamen met wat nu Belgi\u00eb is, werden geannexeerd door het revolutionaire Frankrijk. Op dat moment voerden de Franse autoriteiten een verregaande administratieve en juridische hervorming door. In deze context werd in 1796 in Belgi\u00eb een seculiere burgerlijke stand ingevoerd. De registratie van geboorten, huwelijken en overlijdens viel voortaan onder de verantwoordelijkheid van de lokale overheden, in plaats van de kerk. Deze hervorming betekende een fundamentele breuk met het verleden, aangezien de wettelijke identiteit van burgers onafhankelijk werd van elke religieuze overtuiging.<\/span><\/p>\n<p><span style=\"font-size: 16pt;\"><img decoding=\"async\" class=\"size-medium wp-image-227986 aligncenter lazyload\" data-src=\"https:\/\/geniwal.be\/wp-content\/uploads\/2025\/12\/CARTE-DE-LA-BELGIQUE-SOUS-LA-REVOLUTION-284-300x260.jpg\" alt=\"\" width=\"300\" height=\"260\" data-srcset=\"https:\/\/geniwal.be\/wp-content\/uploads\/2025\/12\/CARTE-DE-LA-BELGIQUE-SOUS-LA-REVOLUTION-284-300x260.jpg 300w, https:\/\/geniwal.be\/wp-content\/uploads\/2025\/12\/CARTE-DE-LA-BELGIQUE-SOUS-LA-REVOLUTION-284-14x12.jpg 14w, https:\/\/geniwal.be\/wp-content\/uploads\/2025\/12\/CARTE-DE-LA-BELGIQUE-SOUS-LA-REVOLUTION-284-600x520.jpg 600w, https:\/\/geniwal.be\/wp-content\/uploads\/2025\/12\/CARTE-DE-LA-BELGIQUE-SOUS-LA-REVOLUTION-284-69x60.jpg 69w, https:\/\/geniwal.be\/wp-content\/uploads\/2025\/12\/CARTE-DE-LA-BELGIQUE-SOUS-LA-REVOLUTION-284-104x90.jpg 104w, https:\/\/geniwal.be\/wp-content\/uploads\/2025\/12\/CARTE-DE-LA-BELGIQUE-SOUS-LA-REVOLUTION-284.jpg 763w\" data-sizes=\"(max-width: 300px) 100vw, 300px\" src=\"data:image\/svg+xml;base64,PHN2ZyB3aWR0aD0iMSIgaGVpZ2h0PSIxIiB4bWxucz0iaHR0cDovL3d3dy53My5vcmcvMjAwMC9zdmciPjwvc3ZnPg==\" style=\"--smush-placeholder-width: 300px; --smush-placeholder-aspect-ratio: 300\/260;\" \/><\/span><\/p>\n<p><span style=\"font-size: 16pt;\">Frans departement in Belgi\u00eb in 1795<\/span><\/p>\n<p><span style=\"font-size: 16pt;\"><strong><img decoding=\"async\" class=\"size-medium wp-image-227989 alignleft lazyload\" data-src=\"https:\/\/geniwal.be\/wp-content\/uploads\/2025\/12\/OIP-300x240.jpg\" alt=\"\" width=\"300\" height=\"240\" data-srcset=\"https:\/\/geniwal.be\/wp-content\/uploads\/2025\/12\/OIP-300x240.jpg 300w, https:\/\/geniwal.be\/wp-content\/uploads\/2025\/12\/OIP-15x12.jpg 15w, https:\/\/geniwal.be\/wp-content\/uploads\/2025\/12\/OIP-75x60.jpg 75w, https:\/\/geniwal.be\/wp-content\/uploads\/2025\/12\/OIP-113x90.jpg 113w, https:\/\/geniwal.be\/wp-content\/uploads\/2025\/12\/OIP.jpg 333w\" data-sizes=\"(max-width: 300px) 100vw, 300px\" src=\"data:image\/svg+xml;base64,PHN2ZyB3aWR0aD0iMSIgaGVpZ2h0PSIxIiB4bWxucz0iaHR0cDovL3d3dy53My5vcmcvMjAwMC9zdmciPjwvc3ZnPg==\" style=\"--smush-placeholder-width: 300px; --smush-placeholder-aspect-ratio: 300\/240;\" \/><\/strong>De goedkeuring van het Burgerlijk Wetboek in 1804 versterkte dit nieuwe systeem aanzienlijk. Op instigatie van Napoleon Bonaparte werden de regels voor de burgerlijke stand duidelijk gedefinieerd en gestandaardiseerd. De akten van de burgerlijke stand kregen een essenti\u00eble juridische waarde: ze werden gebruikt als officieel bewijs om afstamming, familiale status en de rechten van individuen vast te stellen. Het Burgerlijk Wetboek brengt dus een grote stabiliteit en samenhang in de burgerlijke stand.<\/span><\/p>\n<p><span style=\"font-size: 16pt;\">Toen Belgi\u00eb in 1830 onafhankelijk werd, besloten de Belgische autoriteiten om het systeem van de burgerlijke stand, dat ze nog uit de Franse periode hadden ge\u00ebrfd, te behouden. Deze beslissing was gebaseerd op de effici\u00ebntie en moderniteit van dit model, dat beantwoordde aan de administratieve en juridische behoeften van de nieuwe staat. De burgerlijke stand werd geleidelijk aangepast aan de Belgische realiteit, zonder de grondbeginselen ervan in vraag te stellen.<\/span><\/p>\n<p><span style=\"font-size: 16pt;\"><img decoding=\"async\" class=\"size-medium wp-image-227988 alignleft lazyload\" data-src=\"https:\/\/geniwal.be\/wp-content\/uploads\/2025\/12\/Gustave_Wappers_-_Episode_of_the_September_Days_1830_on_the_Grand_Place_of_Brussels_-_Google_Art_Project-300x196.jpg\" alt=\"\" width=\"300\" height=\"196\" data-srcset=\"https:\/\/geniwal.be\/wp-content\/uploads\/2025\/12\/Gustave_Wappers_-_Episode_of_the_September_Days_1830_on_the_Grand_Place_of_Brussels_-_Google_Art_Project-300x196.jpg 300w, https:\/\/geniwal.be\/wp-content\/uploads\/2025\/12\/Gustave_Wappers_-_Episode_of_the_September_Days_1830_on_the_Grand_Place_of_Brussels_-_Google_Art_Project-1024x668.jpg 1024w, https:\/\/geniwal.be\/wp-content\/uploads\/2025\/12\/Gustave_Wappers_-_Episode_of_the_September_Days_1830_on_the_Grand_Place_of_Brussels_-_Google_Art_Project-768x501.jpg 768w, https:\/\/geniwal.be\/wp-content\/uploads\/2025\/12\/Gustave_Wappers_-_Episode_of_the_September_Days_1830_on_the_Grand_Place_of_Brussels_-_Google_Art_Project-1536x1001.jpg 1536w, https:\/\/geniwal.be\/wp-content\/uploads\/2025\/12\/Gustave_Wappers_-_Episode_of_the_September_Days_1830_on_the_Grand_Place_of_Brussels_-_Google_Art_Project-2048x1335.jpg 2048w, https:\/\/geniwal.be\/wp-content\/uploads\/2025\/12\/Gustave_Wappers_-_Episode_of_the_September_Days_1830_on_the_Grand_Place_of_Brussels_-_Google_Art_Project-18x12.jpg 18w, https:\/\/geniwal.be\/wp-content\/uploads\/2025\/12\/Gustave_Wappers_-_Episode_of_the_September_Days_1830_on_the_Grand_Place_of_Brussels_-_Google_Art_Project-1080x704.jpg 1080w, https:\/\/geniwal.be\/wp-content\/uploads\/2025\/12\/Gustave_Wappers_-_Episode_of_the_September_Days_1830_on_the_Grand_Place_of_Brussels_-_Google_Art_Project-600x391.jpg 600w, https:\/\/geniwal.be\/wp-content\/uploads\/2025\/12\/Gustave_Wappers_-_Episode_of_the_September_Days_1830_on_the_Grand_Place_of_Brussels_-_Google_Art_Project-92x60.jpg 92w, https:\/\/geniwal.be\/wp-content\/uploads\/2025\/12\/Gustave_Wappers_-_Episode_of_the_September_Days_1830_on_the_Grand_Place_of_Brussels_-_Google_Art_Project-138x90.jpg 138w, https:\/\/geniwal.be\/wp-content\/uploads\/2025\/12\/Gustave_Wappers_-_Episode_of_the_September_Days_1830_on_the_Grand_Place_of_Brussels_-_Google_Art_Project-scaled.jpg 1200w\" data-sizes=\"(max-width: 300px) 100vw, 300px\" src=\"data:image\/svg+xml;base64,PHN2ZyB3aWR0aD0iMSIgaGVpZ2h0PSIxIiB4bWxucz0iaHR0cDovL3d3dy53My5vcmcvMjAwMC9zdmciPjwvc3ZnPg==\" style=\"--smush-placeholder-width: 300px; --smush-placeholder-aspect-ratio: 300\/196;\" \/>Vandaag is de Belgische burgerlijke stand nog steeds gebaseerd op deze historische fundamenten. Ze wordt beheerd door de gemeenten en speelt een essenti\u00eble rol in het leven van de burgers, vooral wat betreft de toegang tot burgerlijke, sociale en politieke rechten. Hoewel de registers nu grotendeels gedigitaliseerd en gecentraliseerd zijn, blijft hun functie dezelfde: de wettelijke identiteit van individuen garanderen en de organisatie van de samenleving verzekeren.<\/span><\/p>\n<p><span style=\"font-size: 16pt;\">Samengevat is de burgerlijke stand in Belgi\u00eb het rechtstreekse resultaat van de hervormingen die werden ingevoerd tijdens de Franse periode aan het einde van de XVIII\u1d49 eeuw. Als erfgenaam van het napoleontische model vormt het een fundamenteel element van de administratieve en juridische werking van de Belgische staat.<\/span><\/p>","protected":false},"excerpt":{"rendered":"<p>L\u2019origine et l\u2019\u00e9volution de l\u2019\u00e9tat civil en Belgique Contrairement \u00e0 la France la Belgique n&rsquo;a pas suivi l\u2019\u00c9dit de Villers-Cotter\u00eats, aussi appel\u00e9 ordonnance de Villers-Cotter\u00eats, est un texte juridique majeur [&hellip;]<\/p>\n","protected":false},"author":2,"featured_media":227988,"comment_status":"closed","ping_status":"open","sticky":false,"template":"","format":"standard","meta":{"_et_pb_use_builder":"","_et_pb_old_content":"","_et_gb_content_width":"","footnotes":""},"categories":[62],"tags":[],"class_list":["post-227985","post","type-post","status-publish","format-standard","has-post-thumbnail","hentry","category-genealogie","et-has-post-format-content","et_post_format-et-post-format-standard"],"aioseo_notices":[],"_links":{"self":[{"href":"https:\/\/geniwal.be\/nl\/wp-json\/wp\/v2\/posts\/227985","targetHints":{"allow":["GET"]}}],"collection":[{"href":"https:\/\/geniwal.be\/nl\/wp-json\/wp\/v2\/posts"}],"about":[{"href":"https:\/\/geniwal.be\/nl\/wp-json\/wp\/v2\/types\/post"}],"author":[{"embeddable":true,"href":"https:\/\/geniwal.be\/nl\/wp-json\/wp\/v2\/users\/2"}],"replies":[{"embeddable":true,"href":"https:\/\/geniwal.be\/nl\/wp-json\/wp\/v2\/comments?post=227985"}],"version-history":[{"count":8,"href":"https:\/\/geniwal.be\/nl\/wp-json\/wp\/v2\/posts\/227985\/revisions"}],"predecessor-version":[{"id":227998,"href":"https:\/\/geniwal.be\/nl\/wp-json\/wp\/v2\/posts\/227985\/revisions\/227998"}],"wp:featuredmedia":[{"embeddable":true,"href":"https:\/\/geniwal.be\/nl\/wp-json\/wp\/v2\/media\/227988"}],"wp:attachment":[{"href":"https:\/\/geniwal.be\/nl\/wp-json\/wp\/v2\/media?parent=227985"}],"wp:term":[{"taxonomy":"category","embeddable":true,"href":"https:\/\/geniwal.be\/nl\/wp-json\/wp\/v2\/categories?post=227985"},{"taxonomy":"post_tag","embeddable":true,"href":"https:\/\/geniwal.be\/nl\/wp-json\/wp\/v2\/tags?post=227985"}],"curies":[{"name":"wp","href":"https:\/\/api.w.org\/{rel}","templated":true}]}}