{"id":228055,"date":"2025-12-27T22:35:16","date_gmt":"2025-12-27T21:35:16","guid":{"rendered":"https:\/\/geniwal.be\/?p=228055"},"modified":"2025-12-30T15:58:18","modified_gmt":"2025-12-30T14:58:18","slug":"le-calendrier-republicain-une-nouvelle-mesure-du-temps-revolutionnaire","status":"publish","type":"post","link":"https:\/\/geniwal.be\/nl\/nos-pistes\/genealogie\/le-calendrier-republicain-une-nouvelle-mesure-du-temps-revolutionnaire\/","title":{"rendered":"De Republikeinse kalender: een nieuwe maatstaf voor tijd"},"content":{"rendered":"<p>&nbsp;<\/p>\n<p><img decoding=\"async\" class=\"alignright wp-image-228056 lazyload\" data-src=\"https:\/\/geniwal.be\/wp-content\/uploads\/2025\/12\/Calendrier-republicain-debucourt2.jpg\" alt=\"\" width=\"650\" height=\"766\" data-srcset=\"https:\/\/geniwal.be\/wp-content\/uploads\/2025\/12\/Calendrier-republicain-debucourt2.jpg 849w, https:\/\/geniwal.be\/wp-content\/uploads\/2025\/12\/Calendrier-republicain-debucourt2-255x300.jpg 255w, https:\/\/geniwal.be\/wp-content\/uploads\/2025\/12\/Calendrier-republicain-debucourt2-870x1024.jpg 870w, https:\/\/geniwal.be\/wp-content\/uploads\/2025\/12\/Calendrier-republicain-debucourt2-768x904.jpg 768w, https:\/\/geniwal.be\/wp-content\/uploads\/2025\/12\/Calendrier-republicain-debucourt2-10x12.jpg 10w, https:\/\/geniwal.be\/wp-content\/uploads\/2025\/12\/Calendrier-republicain-debucourt2-300x353.jpg 300w, https:\/\/geniwal.be\/wp-content\/uploads\/2025\/12\/Calendrier-republicain-debucourt2-600x707.jpg 600w, https:\/\/geniwal.be\/wp-content\/uploads\/2025\/12\/Calendrier-republicain-debucourt2-51x60.jpg 51w, https:\/\/geniwal.be\/wp-content\/uploads\/2025\/12\/Calendrier-republicain-debucourt2-76x90.jpg 76w\" data-sizes=\"(max-width: 650px) 100vw, 650px\" src=\"data:image\/svg+xml;base64,PHN2ZyB3aWR0aD0iMSIgaGVpZ2h0PSIxIiB4bWxucz0iaHR0cDovL3d3dy53My5vcmcvMjAwMC9zdmciPjwvc3ZnPg==\" style=\"--smush-placeholder-width: 650px; --smush-placeholder-aspect-ratio: 650\/766;\" \/><\/p>\n<p><span style=\"font-size: 28pt;\">De Republikeinse kalender: een nieuwe maatstaf voor revolutionaire tijd<\/span><\/p>\n<p><span style=\"font-size: 16pt; font-family: arial, helvetica, sans-serif;\">Le <strong>republikeinse kalender<\/strong>, ook bekend als <strong>Franse revolutionaire kalender<\/strong>, was een van de meest gedurfde symbolen van de Franse Revolutie. Het werd ge\u00efntroduceerd om te breken met monarchale en religieuze tradities en had als doel de maatschappij opnieuw op te richten, zelfs in de manier waarop de tijd werd gemeten.<\/span><\/p>\n<p><span style=\"font-size: 16pt; font-family: arial, helvetica, sans-serif; color: #800080;\"><strong>Oorsprong en historische context<\/strong><\/span><\/p>\n<p><span style=\"font-size: 16pt; font-family: arial, helvetica, sans-serif;\">De Republikeinse kalender wordt aangenomen door de <strong>Nationale conventie<\/strong> op <strong>1793<\/strong>, op het hoogtepunt van de Franse Revolutie. Het startpunt werd met terugwerkende kracht vastgesteld op <strong>22 september 1792<\/strong>, datum van de proclamatie van de Republiek.<\/span><\/p>\n<p><span style=\"font-size: 16pt; font-family: arial, helvetica, sans-serif;\">Het doel is duidelijk:<\/span><\/p>\n<ul>\n<li><span style=\"font-size: 16pt; font-family: arial, helvetica, sans-serif;\"><strong>Dechristianiseren<\/strong> de Gregoriaanse kalender,<\/span><\/li>\n<li><span style=\"font-size: 16pt; font-family: arial, helvetica, sans-serif;\"><strong>Stroomlijnen<\/strong> tijd volgens de principes van de Verlichting,<\/span><\/li>\n<li><span style=\"font-size: 16pt; font-family: arial, helvetica, sans-serif;\">Het bedrijf verankeren in waarden <strong>republikeins, wetenschappelijk en agrarisch<\/strong>.<\/span><\/li>\n<\/ul>\n<p><span style=\"font-size: 16pt; font-family: arial, helvetica, sans-serif;\">Het ontwerp van de kalender werd in het bijzonder toevertrouwd aan de dichter <strong>Fabre d'\u00c9glantine<\/strong>, die de namen van de maanden bedacht.<\/span><\/p>\n<p><span style=\"font-size: 18pt; font-family: arial, helvetica, sans-serif; color: #800080;\"><strong>Structuur van de Republikeinse kalender<\/strong><\/span><\/p>\n<p><span style=\"font-size: 16pt; font-family: arial, helvetica, sans-serif;\"><strong>Maanden<\/strong><\/span><\/p>\n<p><span style=\"font-size: 16pt; font-family: arial, helvetica, sans-serif;\">Het jaar is verdeeld in <strong>12 maanden van 30 dagen<\/strong>, Ze zijn georganiseerd volgens de seizoenen en het werk op de boerderij:<\/span><\/p>\n<ul>\n<li><span style=\"font-size: 16pt; font-family: arial, helvetica, sans-serif;\"><strong>Herfst<\/strong> Vend\u00e9miaire, Brumaire, Frimaire<\/span><\/li>\n<li><span style=\"font-size: 16pt; font-family: arial, helvetica, sans-serif;\"><strong>Winter<\/strong> Niv\u00f4se, Pluvi\u00f4se, Vent\u00f4se<\/span><\/li>\n<li><span style=\"font-size: 16pt; font-family: arial, helvetica, sans-serif;\"><strong>Lente<\/strong> Kiemkracht, bloemrijk, prairiaal<\/span><\/li>\n<li><span style=\"font-size: 16pt; font-family: arial, helvetica, sans-serif;\"><strong>Zomer<\/strong> Messidor, Thermidor, Fructidor<\/span><\/li>\n<\/ul>\n<p><span style=\"font-size: 16pt; font-family: arial, helvetica, sans-serif;\">Elke naam roept een natuurlijk of klimatologisch fenomeen op en markeert een terugkeer naar de natuur en de cyclus van de seizoenen.<\/span><\/p>\n<p><span style=\"font-size: 18pt; font-family: arial, helvetica, sans-serif; color: #800080;\"><strong>Weken en dagen<\/strong><\/span><\/p>\n<ul>\n<li><span style=\"font-size: 18pt; font-family: arial, helvetica, sans-serif;\">Traditionele weken verdwijnen ten gunste van <strong>decennia<\/strong> (periodes van 10 dagen).<\/span><\/li>\n<li><span style=\"font-size: 16pt; font-family: arial, helvetica, sans-serif;\">Op de tiende dag <strong>decadi<\/strong>, Dit vervangt de zondag als rustdag.<\/span><\/li>\n<li><span style=\"font-size: 16pt; font-family: arial, helvetica, sans-serif;\">Elke dag is vernoemd naar een <strong>plantaardig, dierlijk of landbouwgereedschap<\/strong>, wat de landelijke symboliek versterkt.<\/span><\/li>\n<li><span style=\"font-family: arial, helvetica, sans-serif; font-size: 16pt;\">In de Republikeinse kalender werden de dagen van een week (decennium genoemd) genoemd naar hun rang: Primidi (1e), Duodi (2e), Tridi (3e), Quartidi (4e), Quintidi (5e), Sextidi (6e), Septidi (7e), Octidi (8e), Nonidi (9e) en D\u00e9cadi (10e, rustdag).<\/span><\/li>\n<\/ul>\n<p><span style=\"font-size: 18pt; font-family: arial, helvetica, sans-serif; color: #800080;\"><strong>De Sans-culottiden<\/strong><\/span><\/p>\n<p><span style=\"font-size: 16pt; font-family: arial, helvetica, sans-serif;\">Aan het einde van het jaar hebben we <strong>5 extra dagen<\/strong> (6 in schrikkeljaren), genaamd <strong>Sans-culottides<\/strong>.<\/span><br \/>\n<span style=\"font-size: 16pt; font-family: arial, helvetica, sans-serif;\">Ze zijn gewijd aan burgerfeesten: deugd, genialiteit, werk, mening, prijzen en soms de Revolutie zelf.<\/span><\/p>\n<p><span style=\"font-size: 16pt; font-family: arial, helvetica, sans-serif;\"><strong>Decimale tijd: een aanvullende hervorming<\/strong><\/span><\/p>\n<p><span style=\"font-size: 18pt; font-family: arial, helvetica, sans-serif;\">Volgens dezelfde logica van rationalisering probeerden de revolutionairen de\u2019<strong>decimale tijd<\/strong> :<\/span><\/p>\n<ul>\n<li><span style=\"font-size: 16pt; font-family: arial, helvetica, sans-serif;\">1 dag = 10 uur<\/span><\/li>\n<li><span style=\"font-size: 16pt; font-family: arial, helvetica, sans-serif;\">1 uur = 100 minuten<\/span><\/li>\n<li><span style=\"font-size: 16pt; font-family: arial, helvetica, sans-serif;\">1 minuut = 100 seconden<\/span><\/li>\n<\/ul>\n<p><span style=\"font-size: 16pt; font-family: arial, helvetica, sans-serif;\">Deze hervorming, die te complex is om dagelijks toe te passen, zal binnenkort worden afgeschaft.<\/span><\/p>\n<p><span style=\"font-size: 16pt; font-family: arial, helvetica, sans-serif; color: #800080;\"><strong>Verlating en nalatenschap<\/strong><\/span><\/p>\n<p><span style=\"font-size: 16pt; font-family: arial, helvetica, sans-serif;\">De Republikeinse kalender bleef van kracht tot <span style=\"color: #800000;\"><strong>1805<\/strong><\/span>, datum waarop <strong>Napoleon Bonaparte<\/strong> besloot de Gregoriaanse kalender opnieuw in te voeren om internationale en administratieve relaties te vergemakkelijken.<\/span><\/p>\n<p><span style=\"font-size: 16pt; font-family: arial, helvetica, sans-serif;\">Ondanks zijn korte bestaan heeft de republikeinse kalender een blijvend spoor achtergelaten. <strong>blijvende erfenis<\/strong> :<\/span><\/p>\n<ul>\n<li><span style=\"font-size: 16pt; font-family: arial, helvetica, sans-serif;\">Sommige maandnamen (zoals <em>Thermidor<\/em>) blijven geassocieerd met belangrijke politieke gebeurtenissen.<\/span><\/li>\n<li><span style=\"font-size: 16pt; font-family: arial, helvetica, sans-serif;\">Het blijft een uniek voorbeeld van een poging om <strong>totale heroverweging van tijd<\/strong> door een politieke ideologie.<\/span><\/li>\n<\/ul>\n<p><span style=\"font-size: 18pt; font-family: arial, helvetica, sans-serif; color: #800080;\"><strong>Conclusie<\/strong><\/span><\/p>\n<p><span style=\"font-size: 16pt; font-family: arial, helvetica, sans-serif;\">De Republikeinse kalender illustreert hoe ver de Franse Revolutie wilde gaan om de samenleving te veranderen. Het is meer dan een eenvoudig dateringshulpmiddel, het belichaamt een radicaal verlangen om te breken met het verleden en de wereld opnieuw uit te vinden volgens de rede, de natuur en de Republiek.<\/span><\/p>\n<p><span style=\"font-size: 16pt; font-family: arial, helvetica, sans-serif;\">Tot op de dag van vandaag fascineert het historici, leraren en geschiedenisfanaten als een van de meest originele - en ambitieuze - projecten van de Franse Revolutie.<\/span><\/p>","protected":false},"excerpt":{"rendered":"<p>&nbsp; Le calendrier r\u00e9publicain : une nouvelle mesure du temps r\u00e9volutionnaire Le calendrier r\u00e9publicain, aussi appel\u00e9 calendrier r\u00e9volutionnaire fran\u00e7ais, est l\u2019un des symboles les plus audacieux de la R\u00e9volution fran\u00e7aise. [&hellip;]<\/p>\n","protected":false},"author":2,"featured_media":228057,"comment_status":"closed","ping_status":"open","sticky":false,"template":"","format":"standard","meta":{"_et_pb_use_builder":"","_et_pb_old_content":"","_et_gb_content_width":"","footnotes":""},"categories":[62],"tags":[],"class_list":["post-228055","post","type-post","status-publish","format-standard","has-post-thumbnail","hentry","category-genealogie","et-has-post-format-content","et_post_format-et-post-format-standard"],"aioseo_notices":[],"_links":{"self":[{"href":"https:\/\/geniwal.be\/nl\/wp-json\/wp\/v2\/posts\/228055","targetHints":{"allow":["GET"]}}],"collection":[{"href":"https:\/\/geniwal.be\/nl\/wp-json\/wp\/v2\/posts"}],"about":[{"href":"https:\/\/geniwal.be\/nl\/wp-json\/wp\/v2\/types\/post"}],"author":[{"embeddable":true,"href":"https:\/\/geniwal.be\/nl\/wp-json\/wp\/v2\/users\/2"}],"replies":[{"embeddable":true,"href":"https:\/\/geniwal.be\/nl\/wp-json\/wp\/v2\/comments?post=228055"}],"version-history":[{"count":5,"href":"https:\/\/geniwal.be\/nl\/wp-json\/wp\/v2\/posts\/228055\/revisions"}],"predecessor-version":[{"id":228059,"href":"https:\/\/geniwal.be\/nl\/wp-json\/wp\/v2\/posts\/228055\/revisions\/228059"}],"wp:featuredmedia":[{"embeddable":true,"href":"https:\/\/geniwal.be\/nl\/wp-json\/wp\/v2\/media\/228057"}],"wp:attachment":[{"href":"https:\/\/geniwal.be\/nl\/wp-json\/wp\/v2\/media?parent=228055"}],"wp:term":[{"taxonomy":"category","embeddable":true,"href":"https:\/\/geniwal.be\/nl\/wp-json\/wp\/v2\/categories?post=228055"},{"taxonomy":"post_tag","embeddable":true,"href":"https:\/\/geniwal.be\/nl\/wp-json\/wp\/v2\/tags?post=228055"}],"curies":[{"name":"wp","href":"https:\/\/api.w.org\/{rel}","templated":true}]}}