{"id":2996,"date":"2019-04-10T10:39:40","date_gmt":"2019-04-10T08:39:40","guid":{"rendered":"https:\/\/geniwal.be\/?p=2996"},"modified":"2023-04-04T14:08:10","modified_gmt":"2023-04-04T12:08:10","slug":"claude-naulaers","status":"publish","type":"post","link":"https:\/\/geniwal.be\/nl\/nos-pistes\/in-memoriam-a-la-memoire\/claude-naulaers\/","title":{"rendered":"Claude NAULAERS"},"content":{"rendered":"<p><img decoding=\"async\" class=\"wp-image-2997 size-medium aligncenter lazyload\" data-src=\"https:\/\/geniwal.be\/wp-content\/uploads\/2019\/04\/NAULAERS-CLaude-211x300.jpg\" alt=\"\" width=\"211\" height=\"300\" data-srcset=\"https:\/\/geniwal.be\/wp-content\/uploads\/2019\/04\/NAULAERS-CLaude-211x300.jpg 211w, https:\/\/geniwal.be\/wp-content\/uploads\/2019\/04\/NAULAERS-CLaude-300x427.jpg 300w, https:\/\/geniwal.be\/wp-content\/uploads\/2019\/04\/NAULAERS-CLaude-600x854.jpg 600w, https:\/\/geniwal.be\/wp-content\/uploads\/2019\/04\/NAULAERS-CLaude.jpg 674w\" data-sizes=\"(max-width: 211px) 100vw, 211px\" src=\"data:image\/svg+xml;base64,PHN2ZyB3aWR0aD0iMSIgaGVpZ2h0PSIxIiB4bWxucz0iaHR0cDovL3d3dy53My5vcmcvMjAwMC9zdmciPjwvc3ZnPg==\" style=\"--smush-placeholder-width: 211px; --smush-placeholder-aspect-ratio: 211\/300;\" \/><\/p>\n<p><span style=\"font-family: arial, helvetica, sans-serif; font-size: 18pt;\">Geboren in Etterbeek, 19-08-1940 - overleden in Anderlecht, 29-05-1999.<\/span><\/p>\n<p><span style=\"font-family: arial, helvetica, sans-serif; font-size: 18pt;\">Zijn vader Maurice, geboren in 1902, werkte voor de NMBS (Nationale Maatschappij der Belgische Spoorwegen) en zijn moeder Jeanne CLERENS, geboren in 1900, voedde hun 3 kinderen op.<\/span><\/p>\n<p><span style=\"font-family: arial, helvetica, sans-serif; font-size: 18pt;\">Op 11-04-1964 trouwde Claude in Etterbeek met Gilberte ROUSSEAU, een jeugdvriendin, met wie hij een dochter kreeg, France, geboren in 1972.<\/span><\/p>\n<p><span style=\"font-family: arial, helvetica, sans-serif; font-size: 18pt;\">Hij begon zijn studies aan het Ath\u00e9n\u00e9e Royal in Etterbeek. Hij vervolgde zijn studie aan het E.C.A.M. en het I.B.M. (Informatica) en vervolgens aan de Facult\u00e9s universitaires St Louis (Analyse in avondonderwijs).<\/span><\/p>\n<p><span style=\"font-family: arial, helvetica, sans-serif; font-size: 18pt;\">Hij vervulde zijn militaire dienstplicht in Duitsland, bij de 4<sup>th <\/sup>Chasseur \u00e0 cheval, als radiotelegrafist (1961-1962). Als tiener ging hij bij de Cadets de la Marine, waar hij kwartiermeester was op de brug van de Caroline in Brussel. Al op jonge leeftijd droomde hij ervan om marineofficier te worden.<\/span><\/p>\n<p><span style=\"font-family: arial, helvetica, sans-serif; font-size: 18pt;\">Op 01-06-1962, na het be\u00ebindigen van zijn militaire dienst, begon hij zijn carri\u00e8re bij de \"Compagnie d'assurances Royale Belge\", net zoals men het geloof binnentreedt. Op het moment van zijn overlijden was hij nog steeds in dienst bij \"AXA Royale Belge\" als assistent van de directeur Corporate Life en hoofd van de co\u00f6rdinatieafdeling.<\/span><\/p>\n<p><span style=\"font-family: arial, helvetica, sans-serif; font-size: 18pt;\">Gedurende 37 jaar trouwe dienst maakte hij alle veranderingen en fusies in zijn bedrijf mee. Met hem verdwijnt een belangrijk deel van de herinnering aan de \"Royale Belge\".<\/span><\/p>\n<p><span style=\"font-family: arial, helvetica, sans-serif; font-size: 18pt;\">Als aandachtige en toegewijde vader begeleidde hij zijn dochter bij haar activiteiten: turnwedstrijden en paardrijden. Later verkende hij samen met zijn vrouw de mysteries van de genealogie, op zoek naar zijn wortels, waarvan hij dacht dat die in Etterbeek en Brussel lagen. Tot zijn verbazing ontdekte hij dat de meeste van zijn wortels in de provincie Antwerpen en Vlaams-Brabant lagen.<\/span><\/p>\n<p><span style=\"font-family: arial, helvetica, sans-serif; font-size: 18pt;\">Hij geniet vooral van zijn functie als secretaris van G\u00e9niWal, de jonge club die hij samen met al zijn vrienden heeft opgericht. Als computerenthousiasteling had hij het genoegen om G\u00e9n\u00e9atica 98 te organiseren en dacht hij actief na over G\u00e9n\u00e9atica 2000.<\/span><\/p>\n<p><span style=\"font-family: arial, helvetica, sans-serif; font-size: 18pt;\">Claude wijdde zijn hele leven en energie aan zijn beroep. Hij was in staat om verantwoordelijkheid te nemen en richtte zich resoluut op de toekomst en op de jeugd, niet op het verleden. Perfect tweetalig en overtuigd, heeft hij nooit spijt gehad van zijn daden. Cartesiaans van geest, was hij een intelligente en integere man, eerlijk en bereid om anderen te helpen. Hij waardeerde doorzettingsvermogen en goed werk.<\/span><\/p>\n<p><span style=\"font-family: arial, helvetica, sans-serif; font-size: 18pt;\">Hij zegt \"Hoi\" tegen jullie allemaal<\/span><\/p>\n<p style=\"text-align: right;\"><span style=\"font-family: arial,helvetica,sans-serif;\">Gilberte Rousseau zijn vrouw<\/span><\/p>","protected":false},"excerpt":{"rendered":"<p>N\u00e9 \u00e0 Etterbeek, le 19-08-1940 \u2022 d\u00e9c\u00e9d\u00e9 \u00e0 Anderlecht, le 29-05-1999. Son p\u00e8re Maurice, n\u00e9 en 1902, \u00e9tait employ\u00e9 \u00e0 la SNCB (Soci\u00e9t\u00e9 Nationale des Chemins de fer Belges) et [&hellip;]<\/p>\n","protected":false},"author":2,"featured_media":2997,"comment_status":"open","ping_status":"open","sticky":false,"template":"","format":"standard","meta":{"_et_pb_use_builder":"","_et_pb_old_content":"","_et_gb_content_width":"","footnotes":""},"categories":[49],"tags":[],"class_list":["post-2996","post","type-post","status-publish","format-standard","has-post-thumbnail","hentry","category-in-memoriam-a-la-memoire","et-has-post-format-content","et_post_format-et-post-format-standard"],"aioseo_notices":[],"_links":{"self":[{"href":"https:\/\/geniwal.be\/nl\/wp-json\/wp\/v2\/posts\/2996","targetHints":{"allow":["GET"]}}],"collection":[{"href":"https:\/\/geniwal.be\/nl\/wp-json\/wp\/v2\/posts"}],"about":[{"href":"https:\/\/geniwal.be\/nl\/wp-json\/wp\/v2\/types\/post"}],"author":[{"embeddable":true,"href":"https:\/\/geniwal.be\/nl\/wp-json\/wp\/v2\/users\/2"}],"replies":[{"embeddable":true,"href":"https:\/\/geniwal.be\/nl\/wp-json\/wp\/v2\/comments?post=2996"}],"version-history":[{"count":0,"href":"https:\/\/geniwal.be\/nl\/wp-json\/wp\/v2\/posts\/2996\/revisions"}],"wp:featuredmedia":[{"embeddable":true,"href":"https:\/\/geniwal.be\/nl\/wp-json\/wp\/v2\/media\/2997"}],"wp:attachment":[{"href":"https:\/\/geniwal.be\/nl\/wp-json\/wp\/v2\/media?parent=2996"}],"wp:term":[{"taxonomy":"category","embeddable":true,"href":"https:\/\/geniwal.be\/nl\/wp-json\/wp\/v2\/categories?post=2996"},{"taxonomy":"post_tag","embeddable":true,"href":"https:\/\/geniwal.be\/nl\/wp-json\/wp\/v2\/tags?post=2996"}],"curies":[{"name":"wp","href":"https:\/\/api.w.org\/{rel}","templated":true}]}}