{"id":3094,"date":"2019-04-10T21:28:08","date_gmt":"2019-04-10T19:28:08","guid":{"rendered":"https:\/\/geniwal.be\/?p=3094"},"modified":"2023-04-10T01:49:33","modified_gmt":"2023-04-09T23:49:33","slug":"letat-civil","status":"publish","type":"post","link":"https:\/\/geniwal.be\/nl\/nos-pistes\/pistes-genealogiques-en-belgique\/archive-en-belgique\/letat-civil\/","title":{"rendered":"Burgerlijke staat"},"content":{"rendered":"<p><span style=\"font-family: arial,helvetica,sans-serif;\"><b>Burgerlijke stand: een favoriete bron voor genealogen<\/b><\/span><\/p>\n<p>Het werd opgericht bij decreet van de wetgevende vergadering, de Nationale Conventie, op 20 september 1792. Ons land was onder Franse bezetting na de terugtrekking van de Pruisen na hun nederlaag bij Valmy.<br \/>\n<span style=\"font-family: arial,helvetica,sans-serif;\">Deze overeenkomst bepaalt dat de parochieregisters binnen een week moeten worden gesloten en ge\u00efnventariseerd. Ze worden gedeponeerd in de gemeenschappelijke huizen waar ze zullen worden bewaard.<\/span><br \/>\n<span style=\"font-family: arial,helvetica,sans-serif;\">Registers werden niet langer opgesteld door de geestelijkheid (na het concordaat bleven de geestelijken hun eigen registers bijhouden, maar deze hadden geen juridische waarde), maar door de ambtenaar van de burgerlijke stand van de gemeente, meestal de burgemeester (tegenwoordig burgemeester) of een van zijn plaatsvervangers. Alle inwoners (burgers) van een gemeente, ongeacht hun religie, worden geregistreerd.<\/span><br \/>\n<span style=\"font-family: arial,helvetica,sans-serif;\">De 3 belangrijkste handelingen in het leven van een man zijn: geboorte, huwelijk en dood.<\/span><\/p>\n<p><span style=\"font-family: arial,helvetica,sans-serif;\"><img decoding=\"async\" class=\"aligncenter lazyload\" data-src=\"http:\/\/www.geniwal.eu\/upload\/photo_496_menu_377.jpg\" alt=\"\" width=\"170\" height=\"114\" border=\"5\" src=\"data:image\/svg+xml;base64,PHN2ZyB3aWR0aD0iMSIgaGVpZ2h0PSIxIiB4bWxucz0iaHR0cDovL3d3dy53My5vcmcvMjAwMC9zdmciPjwvc3ZnPg==\" style=\"--smush-placeholder-width: 170px; --smush-placeholder-aspect-ratio: 170\/114;\" \/><img decoding=\"async\" class=\"aligncenter lazyload\" data-src=\"http:\/\/www.geniwal.eu\/upload\/photo_499_menu_377.jpg\" alt=\"\" width=\"170\" height=\"241\" border=\"5\" src=\"data:image\/svg+xml;base64,PHN2ZyB3aWR0aD0iMSIgaGVpZ2h0PSIxIiB4bWxucz0iaHR0cDovL3d3dy53My5vcmcvMjAwMC9zdmciPjwvc3ZnPg==\" style=\"--smush-placeholder-width: 170px; --smush-placeholder-aspect-ratio: 170\/241;\" \/><img decoding=\"async\" class=\"aligncenter lazyload\" data-src=\"http:\/\/www.geniwal.eu\/upload\/photo_498_menu_377.jpg\" alt=\"\" width=\"170\" height=\"129\" border=\"5\" src=\"data:image\/svg+xml;base64,PHN2ZyB3aWR0aD0iMSIgaGVpZ2h0PSIxIiB4bWxucz0iaHR0cDovL3d3dy53My5vcmcvMjAwMC9zdmciPjwvc3ZnPg==\" style=\"--smush-placeholder-width: 170px; --smush-placeholder-aspect-ratio: 170\/129;\" \/><\/span><br \/>\n<span style=\"font-family: arial,helvetica,sans-serif;\">\u00a0<\/span><\/p>\n<p><span style=\"font-family: arial,helvetica,sans-serif;\"><b>NB. Door de wet van 13 fructitor jaar IV ( 30 augustus 1798 )<\/b>\u00a0bruiloften worden gevierd\u00a0<b>in de provinciestad<\/b>\u00a0en alleen decadis.<\/span><br \/>\n<span style=\"font-family: arial,helvetica,sans-serif;\">De viering van huwelijken in de gemeenten werd opnieuw ingesteld op\u00a0<b>7 thermidor jaar VIII ( 26 juli 1800 )<\/b>.\u00a0<\/span><\/p>\n<p><span style=\"font-family: arial,helvetica,sans-serif;\">* Het is mogelijk om een akte te verkrijgen via onze vereniging<\/span><\/p>\n<p><span style=\"font-family: arial,helvetica,sans-serif;\"><b>Bronnen :<\/b><\/span><br \/>\n<span style=\"font-family: arial,helvetica,sans-serif;\"><b>L\u00e9on Roy<\/b>,\u00a0<i>Genealogiehandboek, Genealogiewerkplaats van de Cercle d'histoire de Rixensart<\/i>, 2000, p 85.<\/span><br \/>\n<span style=\"font-family: arial,helvetica,sans-serif;\"><b>Tony Neulat<\/b>,\u00a0<i>burgerlijke staat<\/i>Votre g\u00e9n\u00e9alogie n\u00b034, pp 40-41.<\/span><br \/>\n<span style=\"font-family: arial,helvetica,sans-serif;\"><b>Fotografisch document<\/b>\u00a0G\u00e9niWal vzw\u00a0<span style=\"font-size: 12pt;\">\u00a9<\/span>\u00a0alle rechten voorbehouden<\/span><\/p>","protected":false},"excerpt":{"rendered":"<p>L&rsquo;\u00e9tat civil une source de pr\u00e9dilection du g\u00e9n\u00e9alogiste A \u00e9t\u00e9 instaur\u00e9 par d\u00e9cret de l&rsquo;assembl\u00e9e l\u00e9gislative la convention nationale du 20 septembre 1792. Notre pays est sous l&rsquo;occupation Fran\u00e7aise qui [&hellip;]<\/p>\n","protected":false},"author":2,"featured_media":3095,"comment_status":"open","ping_status":"open","sticky":false,"template":"","format":"standard","meta":{"_et_pb_use_builder":"","_et_pb_old_content":"","_et_gb_content_width":"","footnotes":""},"categories":[74,85],"tags":[],"class_list":["post-3094","post","type-post","status-publish","format-standard","has-post-thumbnail","hentry","category-archive-en-belgique","category-archives-modernes-1796-1918","et-has-post-format-content","et_post_format-et-post-format-standard"],"aioseo_notices":[],"_links":{"self":[{"href":"https:\/\/geniwal.be\/nl\/wp-json\/wp\/v2\/posts\/3094","targetHints":{"allow":["GET"]}}],"collection":[{"href":"https:\/\/geniwal.be\/nl\/wp-json\/wp\/v2\/posts"}],"about":[{"href":"https:\/\/geniwal.be\/nl\/wp-json\/wp\/v2\/types\/post"}],"author":[{"embeddable":true,"href":"https:\/\/geniwal.be\/nl\/wp-json\/wp\/v2\/users\/2"}],"replies":[{"embeddable":true,"href":"https:\/\/geniwal.be\/nl\/wp-json\/wp\/v2\/comments?post=3094"}],"version-history":[{"count":0,"href":"https:\/\/geniwal.be\/nl\/wp-json\/wp\/v2\/posts\/3094\/revisions"}],"wp:featuredmedia":[{"embeddable":true,"href":"https:\/\/geniwal.be\/nl\/wp-json\/wp\/v2\/media\/3095"}],"wp:attachment":[{"href":"https:\/\/geniwal.be\/nl\/wp-json\/wp\/v2\/media?parent=3094"}],"wp:term":[{"taxonomy":"category","embeddable":true,"href":"https:\/\/geniwal.be\/nl\/wp-json\/wp\/v2\/categories?post=3094"},{"taxonomy":"post_tag","embeddable":true,"href":"https:\/\/geniwal.be\/nl\/wp-json\/wp\/v2\/tags?post=3094"}],"curies":[{"name":"wp","href":"https:\/\/api.w.org\/{rel}","templated":true}]}}