{"id":351,"date":"2013-07-11T20:12:05","date_gmt":"2013-07-11T19:12:05","guid":{"rendered":"https:\/\/geniwal.be\/?p=351"},"modified":"2023-04-04T22:32:32","modified_gmt":"2023-04-04T20:32:32","slug":"cercle-de-genealogie-de-boulogne-billancourt-hauts-de-seine-sud","status":"publish","type":"post","link":"https:\/\/geniwal.be\/nl\/nos-pistes\/karolus\/cercle-de-genealogie-de-boulogne-billancourt-hauts-de-seine-sud\/","title":{"rendered":"Boulogne-Billancourt &amp; Hauts de Seine Sud Genealogie Cirkel"},"content":{"rendered":"<p>De Cercle g\u00e9n\u00e9alogique de Boulogne-Billancourt werd in 1996 opgericht op priv\u00e9-initiatief van drie mensen die verenigd waren door dezelfde passie en hetzelfde verlangen om elkaar te helpen.<br \/>\nDeze stichtende leden werden al snel vergezeld door tientallen mensen van alle leeftijden en achtergronden, van wie sommigen voorouders hebben in Boulogne, maar verre van de meerderheid.<br \/>\nIn 1997 werd de vereniging geregistreerd bij de prefectuur en opgericht rond een team van gemotiveerde vrijwilligers. Een lid stelde een kamer ter beschikking en de bibliotheek werd opgebouwd uit bijdragen, de aankoop van boeken en abonnementen op verschillende genealogische tijdschriften.<br \/>\nDe vereniging biedt :<br \/>\nBegeleiding \u00e0 la carte,<br \/>\nTechnisch onderzoeksadvies,<br \/>\nProvinciale themagroepen,<br \/>\nIndividuele paleografische hulp, enz.<br \/>\nLocatie voor maandelijkse vergaderingen :<br \/>\n167, boulevard Jean-Jaur\u00e8s<br \/>\n92100 Boulogne-Billancourt<br \/>\nWebsite : <a href=\"http:\/\/cgbb.free.fr\/pg0100.html\">http:\/\/www.cgbb.free.fr<\/a><br \/>\nPost van de vereniging : <a href=\"mailto:cgbb.info@free.fr\">cgbb.info@free.fr<\/a><br \/>\nTel.: 3333 1 47 12 08 94<br \/>\nTel: 0033 9 5018 66 59 (lokaal gesprek)<br \/>\nContact:\u00a0<a href=\"\/nl\/info.cgbb@gmail.com\/\">info.cgbb@gmail.com<\/a><\/p>","protected":false},"excerpt":{"rendered":"<p>Le Cercle g\u00e9n\u00e9alogique de Boulogne-Billancourt a \u00e9t\u00e9 cr\u00e9\u00e9 en 1996 \u00e0 l&rsquo;initiative priv\u00e9e de trois personnes r\u00e9unies par la m\u00eame passion et le m\u00eame d\u00e9sir d&rsquo;entraide. Ces membres fondateurs ont [&hellip;]<\/p>\n","protected":false},"author":2,"featured_media":1822,"comment_status":"closed","ping_status":"closed","sticky":false,"template":"","format":"standard","meta":{"_et_pb_use_builder":"","_et_pb_old_content":"","_et_gb_content_width":"","footnotes":""},"categories":[65],"tags":[],"class_list":["post-351","post","type-post","status-publish","format-standard","has-post-thumbnail","hentry","category-karolus","et-has-post-format-content","et_post_format-et-post-format-standard"],"aioseo_notices":[],"_links":{"self":[{"href":"https:\/\/geniwal.be\/nl\/wp-json\/wp\/v2\/posts\/351","targetHints":{"allow":["GET"]}}],"collection":[{"href":"https:\/\/geniwal.be\/nl\/wp-json\/wp\/v2\/posts"}],"about":[{"href":"https:\/\/geniwal.be\/nl\/wp-json\/wp\/v2\/types\/post"}],"author":[{"embeddable":true,"href":"https:\/\/geniwal.be\/nl\/wp-json\/wp\/v2\/users\/2"}],"replies":[{"embeddable":true,"href":"https:\/\/geniwal.be\/nl\/wp-json\/wp\/v2\/comments?post=351"}],"version-history":[{"count":0,"href":"https:\/\/geniwal.be\/nl\/wp-json\/wp\/v2\/posts\/351\/revisions"}],"wp:featuredmedia":[{"embeddable":true,"href":"https:\/\/geniwal.be\/nl\/wp-json\/wp\/v2\/media\/1822"}],"wp:attachment":[{"href":"https:\/\/geniwal.be\/nl\/wp-json\/wp\/v2\/media?parent=351"}],"wp:term":[{"taxonomy":"category","embeddable":true,"href":"https:\/\/geniwal.be\/nl\/wp-json\/wp\/v2\/categories?post=351"},{"taxonomy":"post_tag","embeddable":true,"href":"https:\/\/geniwal.be\/nl\/wp-json\/wp\/v2\/tags?post=351"}],"curies":[{"name":"wp","href":"https:\/\/api.w.org\/{rel}","templated":true}]}}