{"id":3742,"date":"2019-07-17T22:15:48","date_gmt":"2019-07-17T20:15:48","guid":{"rendered":"https:\/\/geniwal.be\/?p=3742"},"modified":"2020-03-10T13:15:41","modified_gmt":"2020-03-10T12:15:41","slug":"de-brouckere-charles-marie-joseph-ghislain","status":"publish","type":"post","link":"https:\/\/geniwal.be\/nl\/nos-pistes\/personnalites-belges\/de-brouckere-charles-marie-joseph-ghislain\/","title":{"rendered":"de BROUCKERE Charles Marie Joseph Ghislain"},"content":{"rendered":"<div class=\"flt_l\">\n<div>\n<div id=\"attachment_3743\" style=\"width: 229px\" class=\"wp-caption aligncenter\"><img decoding=\"async\" aria-describedby=\"caption-attachment-3743\" class=\"wp-image-3743 size-medium lazyload\" data-src=\"https:\/\/geniwal.be\/wp-content\/uploads\/2019\/07\/220px-Charles_de_Brouck\u00e8re-219x300.png\" alt=\"\" width=\"219\" height=\"300\" data-srcset=\"https:\/\/geniwal.be\/wp-content\/uploads\/2019\/07\/220px-Charles_de_Brouck\u00e8re-219x300.png 219w, https:\/\/geniwal.be\/wp-content\/uploads\/2019\/07\/220px-Charles_de_Brouck\u00e8re.png 220w\" data-sizes=\"(max-width: 219px) 100vw, 219px\" src=\"data:image\/svg+xml;base64,PHN2ZyB3aWR0aD0iMSIgaGVpZ2h0PSIxIiB4bWxucz0iaHR0cDovL3d3dy53My5vcmcvMjAwMC9zdmciPjwvc3ZnPg==\" style=\"--smush-placeholder-width: 219px; --smush-placeholder-aspect-ratio: 219\/300;\" \/><p id=\"caption-attachment-3743\" class=\"wp-caption-text\"><span style=\"font-family: arial, helvetica, sans-serif;\">de BROUCKERE Charles Marie Joseph Ghislain<\/span><\/p><\/div>\n<p><img decoding=\"async\" class=\"wp-image-3762 aligncenter lazyload\" data-src=\"https:\/\/geniwal.be\/wp-content\/uploads\/2019\/07\/DE-BROUCKERE_002.jpg\" alt=\"\" width=\"500\" height=\"183\" data-srcset=\"https:\/\/geniwal.be\/wp-content\/uploads\/2019\/07\/DE-BROUCKERE_002.jpg 1200w, https:\/\/geniwal.be\/wp-content\/uploads\/2019\/07\/DE-BROUCKERE_002-300x110.jpg 300w, https:\/\/geniwal.be\/wp-content\/uploads\/2019\/07\/DE-BROUCKERE_002-600x220.jpg 600w, https:\/\/geniwal.be\/wp-content\/uploads\/2019\/07\/DE-BROUCKERE_002-768x282.jpg 768w, https:\/\/geniwal.be\/wp-content\/uploads\/2019\/07\/DE-BROUCKERE_002-1024x375.jpg 1024w\" data-sizes=\"(max-width: 500px) 100vw, 500px\" src=\"data:image\/svg+xml;base64,PHN2ZyB3aWR0aD0iMSIgaGVpZ2h0PSIxIiB4bWxucz0iaHR0cDovL3d3dy53My5vcmcvMjAwMC9zdmciPjwvc3ZnPg==\" style=\"--smush-placeholder-width: 500px; --smush-placeholder-aspect-ratio: 500\/183;\" \/><\/p>\n<\/div>\n<\/div>\n<p><span style=\"font-family: arial, helvetica, sans-serif; font-size: 12pt;\">Zoon van Charles <strong>de BROUCKERE (\u00a0<\/strong>geboren op 06 oktober 1757 in Torhout en overleden op 29 april 1850 in Brugge) en\u00a0<strong>de STOOP<\/strong>\u00a0Charlotte Marie Anne Colette (geboren 24 september 1767 in Brugge, overleden 19 april 1846).  Hij werd geboren op 26 februari 1796 in Brugge en overleed op 20 april 1860 in Brussel. Begraven op de Brusselse begraafplaats in Evere (gazon 8, grote rotonde, nabij gazon 14). Gehuwd met <strong>VISSCHERS<\/strong> Marie Gertrude (geboren 03 september 1798 in Maastricht (Nederland), overleden 07 februari 1876 in Brussel).<\/span><\/p>\n<p><span style=\"font-family: arial, helvetica, sans-serif; font-size: 12pt;\">Uit deze verbintenis werden 3 kinderen geboren:<\/span><\/p>\n<p><span style=\"font-family: arial, helvetica, sans-serif; font-size: 12pt;\"><strong>de BROUCKERE<\/strong>Alfred geboren op 19 januari 1817 in Maastricht (Nederland)<\/span><br \/>\n<span style=\"font-family: arial, helvetica, sans-serif; font-size: 12pt;\"><strong>de BROUCKERE <\/strong>Elisabeth Marie Charlotte geboren op 27 juli 1820 in Maastricht (Nederland)<\/span><br \/>\n<span style=\"font-family: arial, helvetica, sans-serif; font-size: 12pt;\"><strong>de BROUCKERE<\/strong>\u00a0Caroline geboren op 30 juli 1822 in Maastricht (Nederland)<\/span><\/p>\n<p><span style=\"font-family: arial, helvetica, sans-serif; font-size: 12pt;\"><span style=\"text-decoration: underline;\"><strong>de BROUCKERE<\/strong> Charles Marie Joseph Ghislain had 4 broers en zussen, waarvan de namen volgen<\/span> :<\/span><br \/>\n<span style=\"font-family: arial, helvetica, sans-serif; font-size: 12pt;\"><strong><br \/>\nde BROUCKERE\u00a0<\/strong>Pauline Marie Ghislaine<\/span><br \/>\n<span style=\"font-family: arial, helvetica, sans-serif; font-size: 12pt;\"><strong>de BROUCKERE\u00a0<\/strong>Marie Pauline<\/span><br \/>\n<span style=\"font-family: arial, helvetica, sans-serif; font-size: 12pt;\"><strong>de BROUCKERE<\/strong>\u00a0Henri Ghislain Joseph Marie Hyacinthe<\/span><br \/>\n<span style=\"font-family: arial, helvetica, sans-serif; font-size: 12pt;\"><strong>de BROUCKERE<\/strong>\u00a0Edouard Bernard Edmond.<\/span><\/p>\n<p><span style=\"font-family: arial, helvetica, sans-serif; font-size: 12pt;\"><strong>Biografie :<\/strong><\/span><\/p>\n<p><span style=\"font-family: arial, helvetica, sans-serif; font-size: 12pt;\">1815 - Officier artillerie.<\/span><br \/>\n<span style=\"font-family: arial, helvetica, sans-serif; font-size: 12pt;\">1824 - Lid van de Provinciale Staten en de Vaste Deputatie van Limburg.<\/span><br \/>\n<span style=\"font-family: arial, helvetica, sans-serif; font-size: 12pt;\">1826 - Lid van de Tweede Kamer der Staten-Generaal.<\/span><br \/>\n<span style=\"font-family: arial, helvetica, sans-serif; font-size: 12pt;\">1830 - Kolonel van de artillerie. - Militair gouverneur van de provincie Luik. - Lid van het Constitutioneel Comit\u00e9 - lid van het Nationaal Congres.<\/span><br \/>\n<span style=\"font-family: arial, helvetica, sans-serif; font-size: 12pt;\">1831 - adjudant-kampioen van de koning<\/span><br \/>\n<span style=\"font-family: arial, helvetica, sans-serif; font-size: 12pt;\">1831 en 1832 - Lid van het Huis van Afgevaardigden, minister van Financi\u00ebn, minister van Binnenlandse Zaken en van Oorlog.<\/span><br \/>\n<span style=\"font-family: arial, helvetica, sans-serif; font-size: 12pt;\">1834 - Professor aan de Universiteit van Luik.<\/span><br \/>\n<span style=\"font-family: arial, helvetica, sans-serif; font-size: 12pt;\">1835 - Directeur van de Bank van Belgi\u00eb.<\/span><br \/>\n<span style=\"font-family: arial, helvetica, sans-serif; font-size: 12pt;\">1847 - Lid van de Brusselse gemeenteraad.<\/span><br \/>\n<span style=\"font-family: arial, helvetica, sans-serif; font-size: 12pt;\">Tussen 1851 en 1856 - 1857 en 1860 lid van het Huis van Afgevaardigden.<\/span><br \/>\n<span style=\"font-family: arial, helvetica, sans-serif; font-size: 12pt;\">1851 en 1855 - Voorzitter van de Belgische commissie op de Wereldtentoonstellingen in Londen en Parijs.<\/span><br \/>\n<span style=\"font-family: arial, helvetica, sans-serif; font-size: 12pt;\">Tussen 1848 en 1860 -burgemeester van Brussel.<\/span><\/p>\n<p><span style=\"font-family: arial, helvetica, sans-serif; font-size: 12pt;\"><strong>Bronnen :<\/strong><\/span><br \/>\n<span style=\"font-family: arial, helvetica, sans-serif; font-size: 12pt;\"><a href=\"https:\/\/www.fine-arts-museum.be\/fr\/la-collection\/guillaume-geefs-charles-de-brouckere-bourgmestre-de-bruxelles-1796-1860\">https:\/\/www.fine-arts-museum.be\/fr\/la-collection\/guillaume-geefs-charles-de-brouckere-bourgmestre-de-bruxelles-1796-1860<\/a><\/span><br \/>\n<span style=\"font-family: arial, helvetica, sans-serif; font-size: 12pt;\"><a href=\"https:\/\/books.googleusercontent.com\/books\/content?req=AKW5QafP68ePjb92BRd8L8EbTp1DiQYt8Gxn7jOboZSUwuH058d7EigUMqko00tH91YMv6CdjmQ2bAamOlPaYWG9HybO6Lax-DxH_aRSXt5WbgfIbGLQEtVlaVGLdmtosqPafnHt3vd-o3I6LMM7Bz_tLdDfwt9WvgGomxXmwAijTYf1SwOeDI8ya8UrQ469DcvB6rQswfQWb1MnY1jiMJ7L5CNMwcz2YX66P1iyQe1-srzkdebBlfJlI_z1ydks0nFTW_o90HtuDpbiEGc7Oi6FJ4c7Jzqsog\">https:\/\/books.googleusercontent.com\/books\/content?req=AKW5QafP68ePjb92BRd8L8EbTp1DiQYt8Gxn7jOboZSUwuH058d7EigUMqko00tH91YMv6CdjmQ2bAamOlPaYWG9HybO6Lax-DxH_aRSXt5WbgfIbGLQEtVlaVGLdmtosqPafnHt3vd-o3I6LMM7Bz_tLdDfwt9WvgGomxXmwAijTYf1SwOeDI8ya8UrQ469DcvB6rQswfQWb1MnY1jiMJ7L5CNMwcz2YX66P1iyQe1-srzkdebBlfJlI_z1ydks0nFTW_o90HtuDpbiEGc7Oi6FJ4c7Jzqsog<\/a><\/span><br \/>\n<span style=\"font-family: arial, helvetica, sans-serif; font-size: 12pt;\"><a href=\"https:\/\/fr.wikipedia.org\/wiki\/Charles_de_Brouck%C3%A8re\">https:\/\/fr.wikipedia.org\/wiki\/Charles_de_Brouck%C3%A8re<\/a><\/span><br \/>\n<span style=\"font-size: 12pt;\"><span style=\"font-family: arial, helvetica, sans-serif;\"><a href=\"https:\/\/books.google.be\/books?id=3ow8AAAAcAAJ&amp;pg=PP7&amp;hl=fr&amp;source=gbs_selected_pages&amp;cad=2#v=onepage&amp;q&amp;f=false\">https:\/\/books.google.be\/books?id=3ow8AAAAcAAJ&amp;pg=PP7&amp;hl=fr&amp;source=gbs_selected_pages&amp;cad=2#v=onepage&amp;q&amp;f=f<\/a><br \/>\nThierry Luthers, <em>Last known address, een gids voor de graven van prominente Belgen,<\/em> deel 2: Regio bruxelloise en gemeente met faciliteiten, Uitgeverij Luc Pire, 2018, pagina 31<\/span><\/span><\/p>\n<p><span style=\"font-family: arial, helvetica, sans-serif; font-size: 12pt;\"><strong>Contextuele biografie<\/strong><\/span><\/p>\n<p><span style=\"font-family: arial, helvetica, sans-serif; font-size: 12pt;\">G\u00e9niwal probeert niet de volledige biografie van\u00a0<span style=\"text-decoration: underline;\"><strong>de BROUCKERE<\/strong> Charles Marie Joseph Ghislain<\/span>Dit zou het werk dupliceren van een groot aantal andere sites die veel gedetailleerder en preciezer zijn en die iedereen gemakkelijk kan raadplegen. We beperken ons hier tot een kort chronologisch en geografisch overzicht.<\/span><\/p>\n<p>&nbsp;<\/p>\n<p>&nbsp;<\/p>\n<p>&nbsp;<\/p>\n<p>&nbsp;<\/p>\n<div class=\"value\"><\/div>","protected":false},"excerpt":{"rendered":"<p>Fils de\u00a0Charles de BROUCKERE (\u00a0n\u00e9 le 06 octobre 1757 \u00e0 Torhout et d\u00e9c\u00e9d\u00e9 le 29 avril 1850 \u00e0 Bruges) et\u00a0de STOOP\u00a0Charlotte Marie Anne Colette (n\u00e9e le 24 septembre 1767 \u00e0 [&hellip;]<\/p>\n","protected":false},"author":2,"featured_media":3784,"comment_status":"open","ping_status":"open","sticky":false,"template":"","format":"standard","meta":{"_et_pb_use_builder":"","_et_pb_old_content":"","_et_gb_content_width":"","footnotes":""},"categories":[93,89],"tags":[],"class_list":["post-3742","post","type-post","status-publish","format-standard","has-post-thumbnail","hentry","category-nos-pistes","category-personnalites-belges","et-has-post-format-content","et_post_format-et-post-format-standard"],"aioseo_notices":[],"_links":{"self":[{"href":"https:\/\/geniwal.be\/nl\/wp-json\/wp\/v2\/posts\/3742","targetHints":{"allow":["GET"]}}],"collection":[{"href":"https:\/\/geniwal.be\/nl\/wp-json\/wp\/v2\/posts"}],"about":[{"href":"https:\/\/geniwal.be\/nl\/wp-json\/wp\/v2\/types\/post"}],"author":[{"embeddable":true,"href":"https:\/\/geniwal.be\/nl\/wp-json\/wp\/v2\/users\/2"}],"replies":[{"embeddable":true,"href":"https:\/\/geniwal.be\/nl\/wp-json\/wp\/v2\/comments?post=3742"}],"version-history":[{"count":0,"href":"https:\/\/geniwal.be\/nl\/wp-json\/wp\/v2\/posts\/3742\/revisions"}],"wp:featuredmedia":[{"embeddable":true,"href":"https:\/\/geniwal.be\/nl\/wp-json\/wp\/v2\/media\/3784"}],"wp:attachment":[{"href":"https:\/\/geniwal.be\/nl\/wp-json\/wp\/v2\/media?parent=3742"}],"wp:term":[{"taxonomy":"category","embeddable":true,"href":"https:\/\/geniwal.be\/nl\/wp-json\/wp\/v2\/categories?post=3742"},{"taxonomy":"post_tag","embeddable":true,"href":"https:\/\/geniwal.be\/nl\/wp-json\/wp\/v2\/tags?post=3742"}],"curies":[{"name":"wp","href":"https:\/\/api.w.org\/{rel}","templated":true}]}}