{"id":3906,"date":"2019-08-05T17:13:21","date_gmt":"2019-08-05T15:13:21","guid":{"rendered":"https:\/\/geniwal.be\/?p=3906"},"modified":"2023-04-05T17:29:07","modified_gmt":"2023-04-05T15:29:07","slug":"rafael-merry-del-val","status":"publish","type":"post","link":"https:\/\/geniwal.be\/nl\/nos-pistes\/non-classe\/rafael-merry-del-val\/","title":{"rendered":"Rafael Merry del Val y Zulueta Wilcox"},"content":{"rendered":"<p><span style=\"font-size: 14pt;\"><span style=\"font-family: arial, helvetica, sans-serif;\">Rafael Merry del Val y Zulueta Wilcox geboren op\u00a0<time class=\"nowrap date-lien\" datetime=\"1865-10-10\" data-sort-value=\"1865-10-10\">10 oktober 1865<\/time>\u00a0 in Londen zoon van\u00a0<strong>Rafael Carlos Merry del Val\u00a0<\/strong>geboren op 04 november in San Sebastian en overleden op 29 augustus 1917 en\u00a0<strong>Sofia Josefa de Zulueta<\/strong> (geboren 1864, overleden 1925). Hij keerde terug naar Belgi\u00eb in 1878 en werd priester gewijd op 30 december 1888. Zijn curiale carri\u00e8re was een van de meest razendsnelle in de kerkelijke geschiedenis: hij was boventallig geheim cameraman op 21-jarige leeftijd, deelnemend geheim cameraman op 26-jarige leeftijd, apostolisch afgevaardigde naar Canada op 31-jarige leeftijd, voorzitter van de Academie van Nobele Kerkelijken en aartsbisschop op 34-jarige leeftijd, staatssecretaris en kardinaal op 38-jarige leeftijd, aartspriester van de Sint-Pietersbasiliek en prefect van de Fabrique van Sint-Pieter op 48-jarige leeftijd, secretaris van het Heilig Officie op 49-jarige leeftijd. Hij werd benoemd tot staatssecretaris en belangrijkste medewerker van Pius X.  Hij stierf op\u00a0<time class=\"nowrap date-lien\" datetime=\"1930-02-26\" data-sort-value=\"1930-02-26\">26 februari 1930 in Rome\u00a0<\/time>tijdens een operatie voor een acute blindedarmontsteking. De begrafenis vond plaats in de Sint-Pietersbasiliek en op 3 maart 1930 werd hij begraven in de crypte. Op 31 juli 1931 werd een nieuw graf, geschonken door de Spaanse regering, ingewijd door kardinaal Eugenio Pacelli, de latere paus Pius XII. Zijn zaligverklaringsproces werd geopend op 26 februari 1953 en loopt nog steeds.<\/span><\/span><\/p>\n<p><span style=\"font-size: 14pt;\"><strong><span style=\"font-family: arial, helvetica, sans-serif;\">Bronnen :<br \/>\n<\/span><\/strong><span style=\"font-family: arial, helvetica, sans-serif;\">https:\/\/journals.openedition.org\/mefrim\/2415<\/span><\/span><br \/>\n<span style=\"font-family: arial, helvetica, sans-serif; font-size: 14pt;\">https:\/\/fr.qwerty.wiki\/wiki\/Rafael_Merry_del_Val<\/span><br \/>\n<span style=\"font-family: arial, helvetica, sans-serif; font-size: 14pt;\">https:\/\/www.lavenir.net\/cnt\/dmf20190804_01364065\/un-waterlootois-a-failli-devenir-pape<br \/>\nhttps:\/\/www.universalis.fr\/encyclopedie\/rafael-merry-del-val\/<br \/>\n<\/span><\/p>\n<p><span style=\"font-size: 14pt;\"><strong><span style=\"font-family: arial, helvetica, sans-serif;\">Bron afbeeldingen :<\/span><\/strong><\/span><br \/>\n<span style=\"font-family: arial, helvetica, sans-serif; font-size: 14pt;\">https:\/\/fr.wikipedia.org\/wiki\/Rafael_Merry_del_Val<\/span><\/p>\n<p><span style=\"font-family: arial, helvetica, sans-serif; font-size: 14pt;\"><strong>Achtergrond biografie :<br \/>\n<\/strong><\/span><span style=\"font-family: arial, helvetica, sans-serif; font-size: 12pt;\">Het is niet de bedoeling van G\u00e9niwal om in dit artikel de volledige biografie van de persoon weer te geven, omdat dit het werk zou dupliceren van een groot aantal andere sites die veel gedetailleerder en preciezer zijn en die iedereen gemakkelijk kan raadplegen. We beperken ons hier tot het geven van een kort chronologisch en geografisch overzicht.<\/span><\/p>\n<p><span style=\"font-family: arial, helvetica, sans-serif; font-size: 14pt;\">\u00a0<\/span><\/p>","protected":false},"excerpt":{"rendered":"<p>Rafael Merry del Val y Zulueta Wilcox n\u00e9 le\u00a010\u00a0octobre\u00a01865\u00a0 \u00e0 Londres fils de\u00a0Rafael Carlos Merry del Val\u00a0n\u00e9 le 04 novembre \u00e0 San Sebastian et d\u00e9c\u00e9d\u00e9 le 29 ao\u00fbt 1917 et\u00a0Sofia [&hellip;]<\/p>\n","protected":false},"author":2,"featured_media":3907,"comment_status":"open","ping_status":"open","sticky":false,"template":"","format":"standard","meta":{"_et_pb_use_builder":"","_et_pb_old_content":"","_et_gb_content_width":"","footnotes":""},"categories":[1,93,89],"tags":[],"class_list":["post-3906","post","type-post","status-publish","format-standard","has-post-thumbnail","hentry","category-non-classe","category-nos-pistes","category-personnalites-belges","et-has-post-format-content","et_post_format-et-post-format-standard"],"aioseo_notices":[],"_links":{"self":[{"href":"https:\/\/geniwal.be\/nl\/wp-json\/wp\/v2\/posts\/3906","targetHints":{"allow":["GET"]}}],"collection":[{"href":"https:\/\/geniwal.be\/nl\/wp-json\/wp\/v2\/posts"}],"about":[{"href":"https:\/\/geniwal.be\/nl\/wp-json\/wp\/v2\/types\/post"}],"author":[{"embeddable":true,"href":"https:\/\/geniwal.be\/nl\/wp-json\/wp\/v2\/users\/2"}],"replies":[{"embeddable":true,"href":"https:\/\/geniwal.be\/nl\/wp-json\/wp\/v2\/comments?post=3906"}],"version-history":[{"count":0,"href":"https:\/\/geniwal.be\/nl\/wp-json\/wp\/v2\/posts\/3906\/revisions"}],"wp:featuredmedia":[{"embeddable":true,"href":"https:\/\/geniwal.be\/nl\/wp-json\/wp\/v2\/media\/3907"}],"wp:attachment":[{"href":"https:\/\/geniwal.be\/nl\/wp-json\/wp\/v2\/media?parent=3906"}],"wp:term":[{"taxonomy":"category","embeddable":true,"href":"https:\/\/geniwal.be\/nl\/wp-json\/wp\/v2\/categories?post=3906"},{"taxonomy":"post_tag","embeddable":true,"href":"https:\/\/geniwal.be\/nl\/wp-json\/wp\/v2\/tags?post=3906"}],"curies":[{"name":"wp","href":"https:\/\/api.w.org\/{rel}","templated":true}]}}