{"id":4479,"date":"2019-10-06T09:15:11","date_gmt":"2019-10-06T07:15:11","guid":{"rendered":"https:\/\/geniwal.be\/?p=4479"},"modified":"2023-04-05T17:16:42","modified_gmt":"2023-04-05T15:16:42","slug":"mercier-desire-felicien-francois-joseph","status":"publish","type":"post","link":"https:\/\/geniwal.be\/nl\/nos-pistes\/personnalites-belges\/mercier-desire-felicien-francois-joseph\/","title":{"rendered":"MERCIER D\u00e9sir\u00e9 F\u00e9licien Fran\u00e7ois Joseph"},"content":{"rendered":"<p>&nbsp;<\/p>\n<p><span style=\"font-family: arial, helvetica, sans-serif;\"><b>D\u00e9sir\u00e9 F\u00e9licien Fran\u00e7ois Joseph MERCIER<\/b>hij werd geboren in Braine-l'Alleud op\u00a0<time class=\"nowrap date-lien\" datetime=\"1851-11-21\" data-sort-value=\"1851-11-21\">21 november 1851, Vijfde kind van<\/time>\u00a0zoon van Paul L\u00e9on Hubert <strong>MERCIER<\/strong> en Marie Barbe <strong>CROQUET<\/strong>en stierf in Brussel op\u00a0<time class=\"nowrap date-lien\" datetime=\"1926-01-22\" data-sort-value=\"1926-01-22\">22 januari 1926<\/time>Op 04\/04 1874 tot priester gewijd door kardinaal Giacomo Cattani. Hij werd kardinaal op 15\/04\/1907 door Paus Pius X.  Primaat van Belgi\u00eb en\u00a0<abbr class=\"abbr\" title=\"Zestiende\">16<sup>e<\/sup><\/abbr>\u00a0aartsbisschop van Mechelen (1906-1926), was hij een sleutelfiguur in de begindagen van de oecumene (de\u00a0<i>Gesprekken uit Mechelen<\/i>\u00a0met de Anglicanen) en het nationale verzet tegen de Duitse bezetting van Belgi\u00eb tijdens de Eerste Wereldoorlog.<br \/>\n<\/span><\/p>\n<p><span style=\"font-family: arial, helvetica, sans-serif;\">Een katholieke middelbare school voor jongens werd opgericht dankzij de deken van Braine-l'Alleud, Abb\u00e9 Fr\u00e9d\u00e9ric <strong>GLIBERT<\/strong>die, door kardinaal Mercier te benaderen, toestemming kreeg om een college op te richten in Braine-l'Alleud. Op 22 september 1923 vertrouwde de kardinaal aan Abb\u00e9 Ren\u00e9 <strong>VERBRUGGEN<\/strong> om het Coll\u00e8ge op te richten. Op 7 mei 1924 opende het Coll\u00e8ge in een provisorisch gebouw met vier leerlingen, twee kostschoolleerlingen en twee dagleerlingen, gegroepeerd in een voorbereidend jaar 7 (lager jaar 6). Op 9 juni 1924 zegende kardinaal Mercier de eerste steen van het Coll\u00e8ge.<\/span><\/p>\n<p>&nbsp;<\/p>\n<p>&nbsp;<\/p>\n<div id=\"attachment_4483\" style=\"width: 1369px\" class=\"wp-caption alignleft\"><img decoding=\"async\" aria-describedby=\"caption-attachment-4483\" class=\"wp-image-4483 size-full lazyload\" data-src=\"https:\/\/geniwal.be\/wp-content\/uploads\/2019\/10\/MERCIER-D\u00e9sir\u00e9001.jpg\" alt=\"\" width=\"1359\" height=\"667\" data-srcset=\"https:\/\/geniwal.be\/wp-content\/uploads\/2019\/10\/MERCIER-D\u00e9sir\u00e9001.jpg 1200w, https:\/\/geniwal.be\/wp-content\/uploads\/2019\/10\/MERCIER-D\u00e9sir\u00e9001-300x147.jpg 300w, https:\/\/geniwal.be\/wp-content\/uploads\/2019\/10\/MERCIER-D\u00e9sir\u00e9001-600x294.jpg 600w, https:\/\/geniwal.be\/wp-content\/uploads\/2019\/10\/MERCIER-D\u00e9sir\u00e9001-768x377.jpg 768w, https:\/\/geniwal.be\/wp-content\/uploads\/2019\/10\/MERCIER-D\u00e9sir\u00e9001-1024x503.jpg 1024w\" data-sizes=\"(max-width: 1359px) 100vw, 1359px\" src=\"data:image\/svg+xml;base64,PHN2ZyB3aWR0aD0iMSIgaGVpZ2h0PSIxIiB4bWxucz0iaHR0cDovL3d3dy53My5vcmcvMjAwMC9zdmciPjwvc3ZnPg==\" style=\"--smush-placeholder-width: 1359px; --smush-placeholder-aspect-ratio: 1359\/667;\" \/><p id=\"caption-attachment-4483\" class=\"wp-caption-text\"><span style=\"font-family: arial, helvetica, sans-serif;\">Geboorteakte van D\u00e9sir\u00e9 F\u00e9licien Fran\u00e7ois Joseph MERCIER<\/span><\/p><\/div>\n<p>&nbsp;<\/p>\n<p><span style=\"font-family: arial, helvetica, sans-serif;\"><strong>Bronnen :<\/strong><\/span><br \/>\n<span style=\"font-family: arial, helvetica, sans-serif; font-size: 10pt;\">https:\/\/fr.wikipedia.org\/wiki\/D%C3%A9sir%C3%A9-Joseph_Mercier<\/span><br \/>\n<span style=\"font-family: arial, helvetica, sans-serif; font-size: 10pt;\">https:\/\/www.collegecardinalmercier.be\/l-infrastructure\/lhistoire-du-college\/<\/span><br \/>\n<span style=\"font-family: arial, helvetica, sans-serif; font-size: 10pt;\">https:\/\/www.lavenir.net\/tag\/fabuleux-destins-de-brabanons-wallons<br \/>\n<strong style=\"font-size: 16px;\"><br \/>\nAchtergrond biografie :<\/strong><br \/>\n<\/span><\/p>\n<p><span style=\"font-family: arial, helvetica, sans-serif;\">Het is niet de bedoeling van G\u00e9niwal om de volledige biografie van dit personage weer te geven, want dat zou het werk dupliceren van een groot aantal andere sites die veel gedetailleerder en preciezer zijn en die iedereen gemakkelijk kan raadplegen. We beperken ons hier tot een kort chronologisch en geografisch overzicht.<\/span><\/p>","protected":false},"excerpt":{"rendered":"<p>&nbsp; D\u00e9sir\u00e9 F\u00e9licien Fran\u00e7ois Joseph MERCIER, il est n\u00e9 \u00e0\u00a0Braine-l&rsquo;Alleud\u00a0le\u00a021\u00a0novembre\u00a01851, Cinqui\u00e8me enfant de\u00a0fils de Paul L\u00e9on Hubert MERCIER et de Marie Barbe CROQUET, et d\u00e9c\u00e9d\u00e9 \u00e0 Bruxelles\u00a0le\u00a022\u00a0janvier\u00a01926, Ordonn\u00e9 pr\u00eatre le [&hellip;]<\/p>\n","protected":false},"author":2,"featured_media":4480,"comment_status":"open","ping_status":"open","sticky":false,"template":"","format":"standard","meta":{"_et_pb_use_builder":"","_et_pb_old_content":"","_et_gb_content_width":"","footnotes":""},"categories":[93,89],"tags":[],"class_list":["post-4479","post","type-post","status-publish","format-standard","has-post-thumbnail","hentry","category-nos-pistes","category-personnalites-belges","et-has-post-format-content","et_post_format-et-post-format-standard"],"aioseo_notices":[],"_links":{"self":[{"href":"https:\/\/geniwal.be\/nl\/wp-json\/wp\/v2\/posts\/4479","targetHints":{"allow":["GET"]}}],"collection":[{"href":"https:\/\/geniwal.be\/nl\/wp-json\/wp\/v2\/posts"}],"about":[{"href":"https:\/\/geniwal.be\/nl\/wp-json\/wp\/v2\/types\/post"}],"author":[{"embeddable":true,"href":"https:\/\/geniwal.be\/nl\/wp-json\/wp\/v2\/users\/2"}],"replies":[{"embeddable":true,"href":"https:\/\/geniwal.be\/nl\/wp-json\/wp\/v2\/comments?post=4479"}],"version-history":[{"count":0,"href":"https:\/\/geniwal.be\/nl\/wp-json\/wp\/v2\/posts\/4479\/revisions"}],"wp:featuredmedia":[{"embeddable":true,"href":"https:\/\/geniwal.be\/nl\/wp-json\/wp\/v2\/media\/4480"}],"wp:attachment":[{"href":"https:\/\/geniwal.be\/nl\/wp-json\/wp\/v2\/media?parent=4479"}],"wp:term":[{"taxonomy":"category","embeddable":true,"href":"https:\/\/geniwal.be\/nl\/wp-json\/wp\/v2\/categories?post=4479"},{"taxonomy":"post_tag","embeddable":true,"href":"https:\/\/geniwal.be\/nl\/wp-json\/wp\/v2\/tags?post=4479"}],"curies":[{"name":"wp","href":"https:\/\/api.w.org\/{rel}","templated":true}]}}