{"id":4689,"date":"2019-12-22T17:32:52","date_gmt":"2019-12-22T16:32:52","guid":{"rendered":"https:\/\/geniwal.be\/?p=4689"},"modified":"2023-04-08T14:02:34","modified_gmt":"2023-04-08T12:02:34","slug":"bibliotheque-de-geniwal-wavriensia-1956-1-2-3-4","status":"publish","type":"post","link":"https:\/\/geniwal.be\/nl\/nos-pistes\/bibliotheque-de-geniwal\/bibliotheque-de-geniwal-wavriensia-1956-1-2-3-4\/","title":{"rendered":"Bibliotheek G\u00e9niWal (Wavriensia 1956 - 1-2-3-4)"},"content":{"rendered":"<p><span style=\"font-family: arial, helvetica, sans-serif; color: #ff0000;\"><b><img decoding=\"async\" class=\"wp-image-4719 size-thumbnail aligncenter lazyload\" data-src=\"https:\/\/geniwal.be\/wp-content\/uploads\/2019\/12\/WAV-1956-1-150x150.jpg\" alt=\"\" width=\"150\" height=\"150\" data-srcset=\"https:\/\/geniwal.be\/wp-content\/uploads\/2019\/12\/WAV-1956-1-150x150.jpg 150w, https:\/\/geniwal.be\/wp-content\/uploads\/2019\/12\/WAV-1956-1-100x100.jpg 100w\" data-sizes=\"(max-width: 150px) 100vw, 150px\" src=\"data:image\/svg+xml;base64,PHN2ZyB3aWR0aD0iMSIgaGVpZ2h0PSIxIiB4bWxucz0iaHR0cDovL3d3dy53My5vcmcvMjAwMC9zdmciPjwvc3ZnPg==\" style=\"--smush-placeholder-width: 150px; --smush-placeholder-aspect-ratio: 150\/150;\" \/><\/b><\/span><\/p>\n<p style=\"text-align: center;\"><img decoding=\"async\" class=\"wp-image-4719 size-medium aligncenter lazyload\" data-src=\"https:\/\/geniwal.be\/wp-content\/uploads\/2019\/12\/WAV-1956-1-190x300.jpg\" alt=\"\" width=\"190\" height=\"300\" data-srcset=\"https:\/\/geniwal.be\/wp-content\/uploads\/2019\/12\/WAV-1956-1-190x300.jpg 190w, https:\/\/geniwal.be\/wp-content\/uploads\/2019\/12\/WAV-1956-1-300x473.jpg 300w, https:\/\/geniwal.be\/wp-content\/uploads\/2019\/12\/WAV-1956-1-600x946.jpg 600w, https:\/\/geniwal.be\/wp-content\/uploads\/2019\/12\/WAV-1956-1-768x1210.jpg 768w, https:\/\/geniwal.be\/wp-content\/uploads\/2019\/12\/WAV-1956-1-650x1024.jpg 650w, https:\/\/geniwal.be\/wp-content\/uploads\/2019\/12\/WAV-1956-1.jpg 635w\" data-sizes=\"(max-width: 190px) 100vw, 190px\" src=\"data:image\/svg+xml;base64,PHN2ZyB3aWR0aD0iMSIgaGVpZ2h0PSIxIiB4bWxucz0iaHR0cDovL3d3dy53My5vcmcvMjAwMC9zdmciPjwvc3ZnPg==\" style=\"--smush-placeholder-width: 190px; --smush-placeholder-aspect-ratio: 190\/300;\" \/><\/p>\n<p><span style=\"font-family: arial, helvetica, sans-serif; color: #ff0000;\"><b>J.SOILLE,\u00a0<i>Een voorouder van het verzet. De Wavrian Corneille Stevens (Vervolg)<\/i>Wavriensia Tome V 1956 n\u00b0 1, pp : 1-24<\/b><\/span><\/p>\n<div><span style=\"font-family: arial, helvetica, sans-serif;\">Bauchau, Bauduin, Belliard, Benoit, Bonaparte - Caprara, Chambarlhac, Champagny, Chav\u00e9e, Closset, Collignon, Courtoy - Davin, de Bexon, de Fenal, de la Gorce, De Lanstheere, de Roquemaure, De Spithaels, de Villers-Masbourg, Defrenne, Delatte, Delfosse, Detry, Devos, d'Harscamp, d'Hauterive, Dohet, Doyen, Dumont - Fichevet, Fontaine, Fortamps, Fouch\u00e9, Franckenberg, Fr\u00e9d\u00e9ric - Genonceau, Goffin - Hauterive, Hirn, Huleu - Jadrinet du Coudray,<\/span><\/div>\n<div><span style=\"font-family: arial, helvetica, sans-serif;\">Jaum\u00e8ne - La Neufville, Lambillotte, Lammbrechs, Lanzac, Lebrun, Ledocte, Lemaigre, Lenoble - Marchand, Michau, Michel, Michiels, Mouillet - Napol\u00e9on 1er - Petri, Pie VII, Pinchart, Pisani de la Gaude, Puttaer - Renson, Roland - Soille, Sotteau, Staquet, Stevens, Stiernon - Theys, Tienrien, Tisseyre, Tombois - Van Celst, Van de Velde, Van den Weghe, Van Langendock, Vanden Bosch, Vranckx,<\/span><br \/>\n<span style=\"font-family: arial, helvetica, sans-serif;\">\u00a0<\/span><\/div>\n<div><span style=\"font-family: arial, helvetica, sans-serif;\"><span style=\"color: #ff0000;\"><b>Jean MARTIN,\u00a0<i>Oorlogsschade aan de Cense de Bilande in 1632 en 1635<\/i>,\u00a0<\/b><\/span><b><span style=\"color: #ff0000;\">\u00a0Wavriensia Tome V 1956 n\u00b0 2, pp : 25-28<\/span><br \/>\n<\/b><\/span><\/div>\n<div><\/div>\n<div><span style=\"font-family: arial, helvetica, sans-serif;\">de Smet - Ladron - Martin - Van Hoelant.\u00a0<\/span><\/div>\n<div><\/div>\n<div><span style=\"font-family: arial, helvetica, sans-serif;\"><b><span style=\"color: #ff0000;\">NN..,\u00a0<i>Archeologische opmerking<\/i>Wavriensia Tome V 1956 n\u00b0 2, pagina : 28<\/span><br \/>\n<\/b><\/span><\/div>\n<div><\/div>\n<div>\n<p><span style=\"font-family: arial, helvetica, sans-serif;\">Dens, Van Haeperen.<\/span><\/p>\n<\/div>\n<div><span style=\"font-family: arial, helvetica, sans-serif; color: #ff0000;\"><b>Charles DEVOS,\u00a0<i>Don Diego Lopez de Ulloa, baron van Limal<\/i>Wavriensia Tome V 1956 n\u00b0 2, pp : 27-36<\/b><\/span><\/div>\n<div><span style=\"font-family: arial, helvetica, sans-serif;\">Andr\u00e9 - Becquet - Cuvelier - de Blaesveld, de Broechem, de Gutschoven, de Ulloa, Del Porte, Devos - Le Roy - Messelberrier - Tarlier - Van Den Berghe - Wauters, Willemart,\u00a0\u00a0<\/span><br \/>\n<span style=\"font-family: arial, helvetica, sans-serif;\">\u00a0<\/span><\/div>\n<div><span style=\"font-family: arial, helvetica, sans-serif; color: #ff0000;\"><b>Emile Brouette,\u00a0<i>Details van het matricule van de abdissen van La Ram\u00e9e<\/i>Wavriensia Tome V 1956 n\u00b0 2, pp : 37-39<\/b><\/span><\/div>\n<div><\/div>\n<div>\n<p><span style=\"font-family: arial, helvetica, sans-serif;\">Brouette - de Bomal, de Lothier - Laurent - Ploegaerts - Tarlier - Wauters.<\/span><\/p>\n<\/div>\n<div><span style=\"font-family: arial, helvetica, sans-serif; color: #ff0000;\"><b>N.N.,\u00a0<i>Bibliografie<\/i>, Wavriensia Tome V 1956 n\u00b0 2, pagina : 39<\/b><\/span><\/div>\n<div><\/div>\n<div><span style=\"font-family: arial, helvetica, sans-serif;\">Kumps, Roland.<\/span><br \/>\n<span style=\"font-family: arial, helvetica, sans-serif;\">\u00a0<\/span><\/div>\n<div><span style=\"font-family: arial, helvetica, sans-serif;\"><span style=\"color: #ff0000;\"><b>J.M.,\u00a0<i>Oorlogssc\u00e8ne in Basse-Wavre<\/i>,\u00a0<\/b><\/span><b><span style=\"color: #ff0000;\">Wavriensia Tome V 1956 n\u00b0 2, pagina : 40<\/span><br \/>\n<\/b><\/span><\/div>\n<div><\/div>\n<div>\n<p><span style=\"font-family: arial, helvetica, sans-serif;\">Louis XIV.<\/span><\/p>\n<\/div>\n<div><span style=\"font-family: arial, helvetica, sans-serif; color: #ff0000;\"><b>J.SOILLE,\u00a0<i>Een voorouder van het verzet. De Wavrian Corneille Stevens (Vervolg)<\/i>Wavriensia Tome V 1956 n\u00b0 3, pp : 41-56<\/b><\/span><\/div>\n<div><\/div>\n<div><span style=\"font-family: arial, helvetica, sans-serif;\">Beaufays, Bl\u00fccher, Branders, de B\u00fclow - De Lantsheere, de Pirch, Delfosse, D'Orange, Dubuisson - Grouchy, Guillemaint - Henusse, Humblet - Kersten - Lamy - Monge - Napol\u00e9on - Pie VII, Pirenne - Roberfoy - Soille, Stevens - Thiemann - Van Damme - Vanrreguemeulen, Verhaegen, Vygen - Wellington.<\/span><br \/>\n<span style=\"font-family: arial, helvetica, sans-serif;\">\u00a0<\/span><\/div>\n<div><span style=\"font-family: arial, helvetica, sans-serif; color: #ff0000;\"><b>C.De PESTER, Un sermon qui fait du bruit...,\u00a0<\/b><b>Wavriensia Tome V 1956 n\u00b0 4, pp : 57-61<\/b><\/span><\/div>\n<div><\/div>\n<div><span style=\"font-family: arial, helvetica, sans-serif;\">Amand - Brants, Brassine, Brassinne - De Pester - Hasbourgs - J\u00e9r\u00f4me - L\u00e9opold II - Nicolas - Pirenne - Richir - Schepmans - Tarlier - Wauters, Winant, Wirix.\u00a0<\/span><\/div>\n<div><\/div>\n<div><span style=\"font-family: arial, helvetica, sans-serif;\"><span style=\"color: #ff0000;\"><b>Jean MARTIN, Note de toponymie wavrienne. De Herbate in Waver,<\/b>\u00a0<\/span><b><span style=\"color: #ff0000;\">Wavriensia Tome V 1956 n\u00b0 4, pp : 62-65<\/span><br \/>\n<\/b><\/span><\/div>\n<div><\/div>\n<div><span style=\"font-family: arial, helvetica, sans-serif;\">Bellet, Boonen - de Becker - de Dion, De Grauw, de la Court, de Proecipiano, De Ruyck, de Sainte - Gilson - Limonier - Martin, Moine - Paul - Regaus - Stercke, Stockelman.<\/span><\/div>\n<div><\/div>\n<div><span style=\"font-family: arial, helvetica, sans-serif;\"><b><span style=\"color: #ff0000;\">Jean Maurice, Les Armoiries Communales du canton de Wavre, Wavriensia Tome V 1956 n\u00b0 4, page : 66<\/span><br \/>\n<\/b><\/span><\/div>\n<div><\/div>\n<div><span style=\"font-family: arial, helvetica, sans-serif;\">Lambert, Meurice.<\/span><\/div>\n<div><span style=\"font-family: arial, helvetica, sans-serif;\"><b>\u00a0<\/b><\/span><\/div>\n<div>\n<p><span style=\"font-family: arial, helvetica, sans-serif; color: #ff0000;\"><b>N.N., Nieuwe Leden, Statutaire Vergadering van donderdag 29 november 1956, Prijslijst Tentoonstelling, Bibliografie, Verslagen van de Commissie, Wavriensia Tome V 1956 n\u00b0 4, pp : 67- 75<\/b><\/span><\/p>\n<div><\/div>\n<div><span style=\"font-family: arial, helvetica, sans-serif;\">Aerens, Alsteens - Barbiaux, Barbier, Baudot, Berger, Bero, Bertrand, Bette, Blanchart, Boulanger, Brasseur, Braun de ter Meeren, Breuer - Cabaret, Cacamp, Capart, Cartigny, Charlier, Colas, Colfs, Collart, Collette, Cormont, Cornet, Cremers - d'Ao\u00fbt, de beck, de Buisseret, De Corte, De Pinchart, Deckers, Delesmacker, Delforge, Delpierre, Demeuldre, Denamur, Denis, Depester, Deprince, Desponstin, Dessy, Devesse, Devillers, Dewaels, Dresse, Dubuisson, Dupont, Duquenoy - Evrard - Fievez - G\u00e9rard, Ghellinck, Gillet, Ginion, Gits, Godfroid, Godts, Goossens, Grosseaux - Hanon de Louvet, Hourdeau, Hulet Jacob, Jadot, Jandrain, Jaumotte, Jehu, Joppart, Junion - Langenberg, Lauwers, Le Hardy de Beaulieu, Lebrun, Levis, Libert, Libouton, Loicq - Mabille, Maillien, Maleve, Marcel, Marcq, Maret, Martin, Mathy, Mercier, Mersch, Mertens, Meurice, Mosseret - Napol\u00e9on, Navez, Newman, Nijhof, No\u00ebl - Palange, Pasleau, Patigny, Pierard, Pierson, Pinchart, Pinpurniaux, Pirenne, Poche, Poskin - Raucent, Riez, Robe, Rollin, Romain, Rondas, Ruzette - Sambr\u00e9e, Scops, Scref, Soille, Stenuit, Stevens - Tasnier, Tassin, Thomas, Tricot - Ugeux - Vaes, Van Cutsem, Van Haeperen, Van Marcke de Lummen, Van P\u00e9e, Vanderavero, Vanderenne, Vanderstraeten, Vanesse, Velle, Visart de Bocarm\u00e9, Vouets - Wargnies, Wery, Willems - Zadeling.<\/span><\/div>\n<\/div>","protected":false},"excerpt":{"rendered":"<p>J.SOILLE,\u00a0Un Anc\u00eatre de la R\u00e9sistance. Le Wavrien Corneille Stevens (Suite), Wavriensia Tome V 1956 n\u00b0 1, pp : 1-24 Bauchau, Bauduin, Belliard, Benoit, Bonaparte &#8211; Caprara, Chambarlhac, Champagny, Chav\u00e9e, Closset, [&hellip;]<\/p>\n","protected":false},"author":2,"featured_media":4719,"comment_status":"closed","ping_status":"open","sticky":false,"template":"","format":"standard","meta":{"_et_pb_use_builder":"","_et_pb_old_content":"","_et_gb_content_width":"","footnotes":""},"categories":[257,19,251,118],"tags":[],"class_list":["post-4689","post","type-post","status-publish","format-standard","has-post-thumbnail","hentry","category-association-belges","category-bibliotheque-de-geniwal","category-numerique","category-wavriensia","et-has-post-format-content","et_post_format-et-post-format-standard"],"aioseo_notices":[],"_links":{"self":[{"href":"https:\/\/geniwal.be\/nl\/wp-json\/wp\/v2\/posts\/4689","targetHints":{"allow":["GET"]}}],"collection":[{"href":"https:\/\/geniwal.be\/nl\/wp-json\/wp\/v2\/posts"}],"about":[{"href":"https:\/\/geniwal.be\/nl\/wp-json\/wp\/v2\/types\/post"}],"author":[{"embeddable":true,"href":"https:\/\/geniwal.be\/nl\/wp-json\/wp\/v2\/users\/2"}],"replies":[{"embeddable":true,"href":"https:\/\/geniwal.be\/nl\/wp-json\/wp\/v2\/comments?post=4689"}],"version-history":[{"count":0,"href":"https:\/\/geniwal.be\/nl\/wp-json\/wp\/v2\/posts\/4689\/revisions"}],"wp:featuredmedia":[{"embeddable":true,"href":"https:\/\/geniwal.be\/nl\/wp-json\/wp\/v2\/media\/4719"}],"wp:attachment":[{"href":"https:\/\/geniwal.be\/nl\/wp-json\/wp\/v2\/media?parent=4689"}],"wp:term":[{"taxonomy":"category","embeddable":true,"href":"https:\/\/geniwal.be\/nl\/wp-json\/wp\/v2\/categories?post=4689"},{"taxonomy":"post_tag","embeddable":true,"href":"https:\/\/geniwal.be\/nl\/wp-json\/wp\/v2\/tags?post=4689"}],"curies":[{"name":"wp","href":"https:\/\/api.w.org\/{rel}","templated":true}]}}