{"id":492,"date":"2013-07-14T20:05:44","date_gmt":"2013-07-14T18:05:44","guid":{"rendered":"https:\/\/geniwal.be\/?p=492"},"modified":"2019-04-06T20:05:53","modified_gmt":"2019-04-06T18:05:53","slug":"abbayes-couvents-commanderies","status":"publish","type":"post","link":"https:\/\/geniwal.be\/nl\/nos-pistes\/non-classe\/abbayes-couvents-commanderies\/","title":{"rendered":"Abdijen, kloosters, commanderijen"},"content":{"rendered":"<p>Systematisch repertorium van de fondsen en collecties beschikbaar in het Rijksarchief van Doornik voor abdijen, kloosters en commanderijen<br \/>\n<strong>In het rechtsgebied van Ath :<br \/>\nMinderbroeders<\/strong>, <em>1448 (1 item)<\/em>.<br \/>\nGemeenschap van de Orde van Sint Franciscus gesticht in 1446, daarna R\u00e9collets in 1627; opgeheven in 1796.<br \/>\n<strong>Grijze nonnen<\/strong>, <em>1784-1786 (1 item)<\/em>.<br \/>\nGemeenschap van nonnen van de Derde Orde van Sint Franciscus, gesticht in 1627; opgeheven onder Jozef II.<br \/>\n<strong>Jezu\u00efeten<\/strong>, <em>1775-1779 (2 items)<\/em>.<br \/>\nGemeenschap van de Soci\u00ebteit van Jezus gesticht in 1621; opgeheven in 1774.<br \/>\n<strong>In de jurisdictie<\/strong> <strong>Chercq<\/strong> :<br \/>\n<strong>Charterhuis van Mont-Saint-Andr\u00e9<\/strong>, <em>XIV<sup>e<\/sup> - XVIII<sup>e<\/sup> eeuw (3 items)<\/em>.<br \/>\nGemeenschap van mannen van de kartuizer orde, gesticht door Jean de Werchin<sup>1<\/sup>seneschalk van Henegouwen, en Chr\u00e9tien de Ghistelles<sup>2<\/sup> in 1376; afgeschaft in 1783.<br \/>\n<strong>In de jurisdictie<\/strong> <strong>Ghislengien :<\/strong><br \/>\n<strong>Abdij van Notre-Dame<\/strong>, <em>1132-1797 (36 oorkonden); 1132-XVIII<sup>e<\/sup> (12 items)<\/em>.<br \/>\nAbdij van adellijke benedictijner nonnen, gesticht door Ide de Chi\u00e8vres<sup>3<\/sup> en Ide d'Ath in 1123; afgeschaft in 1796<br \/>\nR. DOEHAERD, Inventaire sommaire des archives eccl\u00e9siastiques du Hainaut, 1 vol. in-4\u00b0.<br \/>\nL. BAUDELET, <em>Cartulaire de l'abbaye de Ghislenghien, in de Archives de l'\u00c9tat in Bergen, in het bulletin van de Soci\u00e9t\u00e9 Historique et Litt\u00e9raire de Tournai<\/em>t. XIV, 1870, p.119-202.<br \/>\n<strong>In het rechtsgebied van Kain :<\/strong><br \/>\n<strong>Abdij Saulchoir<\/strong>, <em>1650 (1<\/em> artikel)<br \/>\nAbdij<em> van cisterci\u00ebnzer nonnen gesticht door Jean en Agn\u00e8s A le Take in 1233; opgeheven in<\/em> 1797.<br \/>\n<strong>In<\/strong><strong> het rechtsgebied van P\u00e9rulwelz :<\/strong><em>\u00a0<\/em><br \/>\n<strong>Brigittines<\/strong>, <em>1659 (1<\/em> artikel).<br \/>\nGemeenschap gesticht door Louis d'Egmont, Heer van P\u00e9rulwez in 1628; afgeschaft in 1784.<br \/>\n<strong>In<\/strong><strong> het rechtsgebied van Doornik :<br \/>\nAbdij Saint-Martin, <\/strong><em>814-1797 (34 items)<strong>.<br \/>\n<\/strong><\/em>Benedictijner abdij gesticht door Odon, scholaster van het kathedrale kapittel, in 1092; afgeschaft in 1796.<br \/>\nA. D'Herbomez, <em>Oorkonden van de abdij van Saint-Martin de Tournai<\/em>2 delen in-4\u00b0, Brussel, CRH, 1898-1901.<br \/>\nA. D'Haenens, <em>Rekeningen en documenten van Saint-Martin de Tournai onder het bestuur van de koninklijke voogden (1312-1355)<\/em>1 deel in-8\u00b0, Brussel, CRH, 1962.<br \/>\n<strong>Augustin<\/strong>, <em>1614 (1 item).<\/em><br \/>\nMannengemeenschap van de orde van de Kluizenaars van Sint Augustinus, gesticht aan het einde van de 13e eeuw.<sup>e<\/sup> eeuw, afgeschaft in 1797.<br \/>\n<strong>Buiten bereik<\/strong> :<br \/>\n<strong>Anchin : Abdij<\/strong>, <em>1659-1697 (1 item)<\/em>.<br \/>\nBenedictijner abdij gesticht in 1079; opgeheven in 1792.<br \/>\nLiessies : Abdij van, <em>1625-1627 (2 items)<\/em>.<br \/>\nBenedictijnenabdij gesticht rond 764; afgeschaft tijdens de Franse Revolutie.<br \/>\n<strong>Reims: Abdij van Saint-Thierry<\/strong>, <em>1764-1766 (1 item)<\/em>.<br \/>\nStichting VI<sup>e<\/sup> eeuw (?), werd een benedictijnenabdij in de X<sup>e<\/sup> eeuw; verwoest in 1786.<br \/>\n<strong><\/strong><br \/>\n<strong><sup>3<\/sup> Genealogisch potlood van Ide d'Ath<\/strong> (Deze genealogie of genealogiepotlood moet worden gerecycled. Verduidelijking van de inhoud is noodzakelijk)<br \/>\n<strong>Idee\u00ebn voor Ath <\/strong>circa 1080 dochter van <strong>Wauthie<\/strong>r, heer van Roeulx d'Ath, heer van Roeulx en Ade Ada <strong>de Roucy (van Montdidier?)<\/strong> stierf in 1135 getrouwd met <strong>Goswin II<\/strong> <strong>de Bergen<\/strong> zonen van <strong>Gossuin I<\/strong> van Bergen en Ermengarde <strong>de Chaumont<\/strong> circa 1065 - ????<br \/>\nKind uit deze verbintenis : <strong>Goswin III de Bergen<\/strong>Vader van Ha\u00ffnin 1120-1177<br \/>\ntrouwde voor de tweede keer met Guy de Chi\u00e8vres, zoon van Dietrich van (von) Peteghem en Adelendis de Chi\u00e8vres.<br \/>\nKind uit dit tweede huwelijk :<br \/>\nIde de Chi\u00e8vres circa 1100<br \/>\nEve de Chi\u00e8vres * circa 1120 dochter van Rasse III, heer van Gavre en Harelbeke in tweede huwelijk getrouwd met Gilles, heer van Berlaymont in derde huwelijk getrouwd met Nicolas III de Rumigny, heer van Rumigny, Chi\u00e8vres en Florennes<br \/>\n<strong><sup>4<\/sup><\/strong> In 1628 schonk Louis d'Egmont, hertog van Guelders en echtgenoot van Marie Marguerite de Berlaymont, aan de paters van de Orde van de Heilige Redder, bekend onder de naam Sainte-Brigitte d'Armenti\u00e8res, alle grond en inkomsten van het ziekenhuis van P\u00e9ruwelz, dat in 1308 was gesticht en begiftigd door Boudewijn van P\u00e9ruwelz en zijn vrouw Isabelle du Roeulx, op voorwaarde dat ze er een klooster zouden stichten. In de 18e eeuw bouwden de Brigittijnen een kapel (1757), waardoor ze schulden moesten maken die ze nooit konden terugbetalen. In 1784 werd hun klooster opgeheven. In 1641 kocht Ambroise de Cro\u00ff, graaf van Solre, de landerijen en het kasteel, dat hij het jaar daarop liet verbouwen.<br \/>\nBronnen :<br \/>\n<a href=\"http:\/\/www.geneall.net\/W\/per_page.php?id=993120\">http:\/\/www.geneall.net\/W\/per_page.php?id=993120<br \/>\nhttp:\/\/peruwelz.blogs.sudinfo.be\/peruwelz-petit-bout-d-histoire.html<\/a><br \/>\nUittreksel: AGR, Les archives de l'\u00c9tat dans les provinces, Aper\u00e7u des fonds et collections, II, Les provinces Wallonnes, Brussel, 1975.<br \/>\n&nbsp;<br \/>\n&nbsp;<br \/>\n&nbsp;<\/p>","protected":false},"excerpt":{"rendered":"<p>R\u00e9pertoire syst\u00e9matique des fonds et collections disponible aux archives de l\u2019\u00c9tat de Tournai pour les abbayes, couvents, commanderies Dans le ressort (juridiction) d\u2019Ath : Fr\u00e8res Mineurs, 1448 (1 article). Communaut\u00e9 [&hellip;]<\/p>\n","protected":false},"author":2,"featured_media":9022,"comment_status":"closed","ping_status":"closed","sticky":false,"template":"","format":"standard","meta":{"_et_pb_use_builder":"","_et_pb_old_content":"","_et_gb_content_width":"","footnotes":""},"categories":[1],"tags":[],"class_list":["post-492","post","type-post","status-publish","format-standard","has-post-thumbnail","hentry","category-non-classe","et-has-post-format-content","et_post_format-et-post-format-standard"],"aioseo_notices":[],"_links":{"self":[{"href":"https:\/\/geniwal.be\/nl\/wp-json\/wp\/v2\/posts\/492","targetHints":{"allow":["GET"]}}],"collection":[{"href":"https:\/\/geniwal.be\/nl\/wp-json\/wp\/v2\/posts"}],"about":[{"href":"https:\/\/geniwal.be\/nl\/wp-json\/wp\/v2\/types\/post"}],"author":[{"embeddable":true,"href":"https:\/\/geniwal.be\/nl\/wp-json\/wp\/v2\/users\/2"}],"replies":[{"embeddable":true,"href":"https:\/\/geniwal.be\/nl\/wp-json\/wp\/v2\/comments?post=492"}],"version-history":[{"count":0,"href":"https:\/\/geniwal.be\/nl\/wp-json\/wp\/v2\/posts\/492\/revisions"}],"wp:featuredmedia":[{"embeddable":true,"href":"https:\/\/geniwal.be\/nl\/wp-json\/wp\/v2\/media\/9022"}],"wp:attachment":[{"href":"https:\/\/geniwal.be\/nl\/wp-json\/wp\/v2\/media?parent=492"}],"wp:term":[{"taxonomy":"category","embeddable":true,"href":"https:\/\/geniwal.be\/nl\/wp-json\/wp\/v2\/categories?post=492"},{"taxonomy":"post_tag","embeddable":true,"href":"https:\/\/geniwal.be\/nl\/wp-json\/wp\/v2\/tags?post=492"}],"curies":[{"name":"wp","href":"https:\/\/api.w.org\/{rel}","templated":true}]}}