{"id":629,"date":"2013-07-26T17:31:24","date_gmt":"2013-07-26T16:31:24","guid":{"rendered":"https:\/\/geniwal.be\/?p=629"},"modified":"2023-04-11T20:23:32","modified_gmt":"2023-04-11T18:23:32","slug":"gilberte-rousseau","status":"publish","type":"post","link":"https:\/\/geniwal.be\/nl\/nos-pistes\/in-memoriam-a-la-memoire\/gilberte-rousseau\/","title":{"rendered":"Gilberte ROUSSEAU"},"content":{"rendered":"<p>&nbsp;<\/p>\n<p><span style=\"font-family: arial, helvetica, sans-serif; font-size: 18pt;\">Ter nagedachtenis aan Madame Gilberte Rousseau<\/span><br \/>\n<span style=\"font-family: arial, helvetica, sans-serif; font-size: 18pt;\">Geboren in Etterbeek op 12\/04\/194<\/span><br \/>\n<span style=\"font-family: arial, helvetica, sans-serif; font-size: 18pt;\">Overleden in Sint-Pieters-Woluwe op 31\/07\/2011<\/span><br \/>\n<span style=\"font-family: arial, helvetica, sans-serif; font-size: 18pt;\">Medeoprichter van G\u00e9niWal met haar man Claude Naulaers<\/span><br \/>\n<span style=\"font-family: arial, helvetica, sans-serif; font-size: 18pt;\">Voor Gigi<\/span><br \/>\n<span style=\"font-family: arial, helvetica, sans-serif; font-size: 18pt;\">Het is een waarheid als een koe om te zeggen dat het moeilijk is om de pen ter hand te nemen om eer te bewijzen aan iemand die je niet meer zult zien en over wie je nog niet gewend bent om in de verleden tijd te spreken. Het is een ander om te denken dat dit soort oefening altijd conventioneel is ... en dat we altijd alle kwaliteiten terugvinden in degenen die ons verlaten hebben. En toch... het gemeenschapsleven is als het leven zelf: het bestaat uit delen, ontmoetingen, lachen en glimlachen, vermoeidheid en teleurstellingen, hartelijke momenten en uitbarstingen, werk en vreugde(n).<\/span><br \/>\n<span style=\"font-family: arial, helvetica, sans-serif; font-size: 18pt;\">Gigi (waarom Gilberte zeggen als we haar nooit zo genoemd hebben?) was dat allemaal. Ik wil zeggen dat degenen die (een beetje, veel, waanzinnig) hebben gedeeld in het leven van G\u00e9niWal sinds 1998 en daarna, Gigi altijd hebben gekend en al deze momenten met haar hebben meegemaakt. Ook al heeft (en zal) iedereen zijn eigen herinneringen hebben. Voor mij zal het de tijd zijn die we samen doorbrachten op verschillende beurzen, waar we vragen van het publiek beantwoordden op de stand van G\u00e9niWal. Laten we de stamboom vergeten - of doen alsof we die vergeten - die we in juni op het congres in Lille hebben ingevuld om onze vriendschap uit te drukken: laten we die vergeten, want dat was al een manier om toe te geven dat we (snel) afscheid moesten nemen. Gigi? Genealoog\", \"vrijwilliger\", \"praatgraag\", \"Nederlandstalig\"... en \"uit Brussel\". Genealoog? Ze heeft ons onder andere laten profiteren van haar onderzoek in Groot-Brittanni\u00eb en heeft veel werk verricht op het gebied van de afkomst van Jacques Brel. Vrijwilliger? In de oorspronkelijke betekenis van het woord: degene \"die wil\": ze zei zelden \"nee\" tegen Gigi. Praatgraag? Zoals ik, met mij, met anderen... Een gebrek en een kwaliteit als het gaat om het beantwoorden van de vragen van het Belgische en buitenlandse genealogische publiek. Nederlandstalig? Er zijn momenten geweest waarop zij en ik alleen waren op VVF-congressen - wanneer onze agenda's vol zaten - waar ze me enkele offici\u00eble woorden liet herhalen en vooral waar ze, in tegenstelling tot mij, kon converseren met onze vrienden en buren in hun eigen taal. Brussel?  Voor mij wordt dit het laatste woord of - zo u wilt - het beste: Gigi, als we elkaar 's avonds ontmoetten (rond een tafel met Fransen en Belgen) vertelde ons graag Brusselse verhalen. Gigi hield van lachen en deelde haar humor met ons, tot onze grote vreugde, bijvoorbeeld tijdens de conferentie in Marne-la-Vall\u00e9e in 2009. Meer dan twee jaar later ...<\/span><br \/>\n<span style=\"font-family: arial, helvetica, sans-serif; font-size: 18pt;\">U had graag willen weten dat ik de Fransen voorstelde - bij wijze van grap - om hun congres van 2015 te houden in ... Waterloo. Je zou met me gelachen hebben. Voor de volgende Geneatica in Waver, of in Marseille in 2013, zul je niet met ons meekomen ... en niemand zal ons in Brussel verhalen vertellen zoals jij ... Maar je zult er toch zijn. Dus we nemen afscheid!<\/span><br \/>\n<span style=\"font-family: arial, helvetica, sans-serif; font-size: 18pt;\">Christophe Drugy, 12 augustus 2011<\/span><br \/>\n<span style=\"font-family: arial, helvetica, sans-serif; font-size: 18pt;\"><a href=\"https:\/\/geniwal.be\/wp-content\/uploads\/2013\/07\/photo_852_menu_775.jpg\"><img decoding=\"async\" class=\"alignnone size-medium wp-image-631 lazyload\" data-src=\"https:\/\/geniwal.be\/wp-content\/uploads\/2013\/07\/photo_852_menu_775-300x238.jpg\" alt=\"photo_852_menu_775\" width=\"300\" height=\"238\" src=\"data:image\/svg+xml;base64,PHN2ZyB3aWR0aD0iMSIgaGVpZ2h0PSIxIiB4bWxucz0iaHR0cDovL3d3dy53My5vcmcvMjAwMC9zdmciPjwvc3ZnPg==\" style=\"--smush-placeholder-width: 300px; --smush-placeholder-aspect-ratio: 300\/238;\" \/><\/a><\/span><br \/>\n<span style=\"font-family: arial, helvetica, sans-serif; font-size: 18pt;\">Gigi registreerde haar genealogie tijdens haar leven, zodat deze doorgegeven kon worden aan toekomstige generaties.<\/span><br \/>\n<span style=\"font-family: arial, helvetica, sans-serif; font-size: 18pt;\">We beantwoorden graag al je vragen over zijn genealogie.<\/span><\/p>","protected":false},"excerpt":{"rendered":"<p>&nbsp; A la m\u00e9moire de Madame Gilberte Rousseau N\u00e9e \u00e0 Etterbeek le 12\/04\/194 D\u00e9c\u00e9d\u00e9e \u00e0 Woluw\u00e9-Saint-Pierre le 31\/07\/2011 Co-fondatrice de G\u00e9niWal avec son \u00e9poux Claude Naulaers Pour Gigi C\u2019est une [&hellip;]<\/p>\n","protected":false},"author":2,"featured_media":1837,"comment_status":"closed","ping_status":"closed","sticky":false,"template":"","format":"standard","meta":{"_et_pb_use_builder":"","_et_pb_old_content":"","_et_gb_content_width":"","footnotes":""},"categories":[49],"tags":[],"class_list":["post-629","post","type-post","status-publish","format-standard","has-post-thumbnail","hentry","category-in-memoriam-a-la-memoire","et-has-post-format-content","et_post_format-et-post-format-standard"],"aioseo_notices":[],"_links":{"self":[{"href":"https:\/\/geniwal.be\/nl\/wp-json\/wp\/v2\/posts\/629","targetHints":{"allow":["GET"]}}],"collection":[{"href":"https:\/\/geniwal.be\/nl\/wp-json\/wp\/v2\/posts"}],"about":[{"href":"https:\/\/geniwal.be\/nl\/wp-json\/wp\/v2\/types\/post"}],"author":[{"embeddable":true,"href":"https:\/\/geniwal.be\/nl\/wp-json\/wp\/v2\/users\/2"}],"replies":[{"embeddable":true,"href":"https:\/\/geniwal.be\/nl\/wp-json\/wp\/v2\/comments?post=629"}],"version-history":[{"count":0,"href":"https:\/\/geniwal.be\/nl\/wp-json\/wp\/v2\/posts\/629\/revisions"}],"wp:featuredmedia":[{"embeddable":true,"href":"https:\/\/geniwal.be\/nl\/wp-json\/wp\/v2\/media\/1837"}],"wp:attachment":[{"href":"https:\/\/geniwal.be\/nl\/wp-json\/wp\/v2\/media?parent=629"}],"wp:term":[{"taxonomy":"category","embeddable":true,"href":"https:\/\/geniwal.be\/nl\/wp-json\/wp\/v2\/categories?post=629"},{"taxonomy":"post_tag","embeddable":true,"href":"https:\/\/geniwal.be\/nl\/wp-json\/wp\/v2\/tags?post=629"}],"curies":[{"name":"wp","href":"https:\/\/api.w.org\/{rel}","templated":true}]}}