{"id":6938,"date":"2021-04-23T20:56:13","date_gmt":"2021-04-23T18:56:13","guid":{"rendered":"https:\/\/geniwal.be\/?p=6938"},"modified":"2023-04-04T19:06:58","modified_gmt":"2023-04-04T17:06:58","slug":"buls-charles","status":"publish","type":"post","link":"https:\/\/geniwal.be\/nl\/nos-pistes\/personnalites-belges\/buls-charles\/","title":{"rendered":"BULS Karel"},"content":{"rendered":"<div id=\"attachment_6941\" style=\"width: 510px\" class=\"wp-caption aligncenter\"><img decoding=\"async\" aria-describedby=\"caption-attachment-6941\" class=\"wp-image-6941 lazyload\" data-src=\"https:\/\/geniwal.be\/wp-content\/uploads\/2021\/04\/BULS-Charles.jpg\" alt=\"\" width=\"500\" height=\"430\" src=\"data:image\/svg+xml;base64,PHN2ZyB3aWR0aD0iMSIgaGVpZ2h0PSIxIiB4bWxucz0iaHR0cDovL3d3dy53My5vcmcvMjAwMC9zdmciPjwvc3ZnPg==\" style=\"--smush-placeholder-width: 500px; --smush-placeholder-aspect-ratio: 500\/430;\" \/><p id=\"caption-attachment-6941\" class=\"wp-caption-text\">BULS Charles Gommaire Fran\u00e7ois werd geboren in Brussel op 13 oktober 1837 om 11 uur 's avonds, zoon van BULS Charles Jacques en HELLEMANS Anne Th\u00e9r\u00e8se Jos\u00e9phine.<\/p><\/div>\n<p>&nbsp;<\/p>\n<div id=\"attachment_6942\" style=\"width: 1034px\" class=\"wp-caption aligncenter\"><img decoding=\"async\" aria-describedby=\"caption-attachment-6942\" class=\"wp-image-6942 size-large lazyload\" data-src=\"https:\/\/geniwal.be\/wp-content\/uploads\/2021\/04\/BULS-Charles-1-1024x300.jpg\" alt=\"\" width=\"1024\" height=\"300\" src=\"data:image\/svg+xml;base64,PHN2ZyB3aWR0aD0iMSIgaGVpZ2h0PSIxIiB4bWxucz0iaHR0cDovL3d3dy53My5vcmcvMjAwMC9zdmciPjwvc3ZnPg==\" style=\"--smush-placeholder-width: 1024px; --smush-placeholder-aspect-ratio: 1024\/300;\" \/><p id=\"caption-attachment-6942\" class=\"wp-caption-text\">Geboorteakte voor BULS Charles Gommaire Joseph<\/p><\/div>\n<p>&nbsp;<\/p>\n<p style=\"text-align: left;\"><span style=\"font-family: arial, helvetica, sans-serif; font-size: 14pt;\">Zijn vader, een bekende goudsmid in Brussel, liet hem studeren aan een atheneum. Hij was goudsmid, net als zijn vader, een geletterde autodidact en een reiziger; hij doorkruiste Europa. In 1864 richtte hij de Ligue de l'Enseignement op en was vertegenwoordiger van 1882 tot 1914 en van 1886 tot 1884. In 1877 stelde hij zich kandidaat voor een politieke functie en in 1877 werd hij benoemd tot gemeenteraadslid. Zijn opmars naar de top begon in 1877, toen hij op 8 februari 1879 werd benoemd tot schepen van openbaar onderwijs, een functie die hij naar beste vermogen vervulde, en in 1881 werd hij burgemeester van Brussel van 1891 tot 1899.<br \/>\nHij is ook verbonden aan de modelschool, de arbeidsbeurs, de eerste arbeiderswoningen, stadsplanning en de restauratie van de Grote Markt. Hij publiceerde reisverslagen en <em>L'Esth\u00e9tique des villes, La Restauration des monuments anciens, L'Isolation des vieilles \u00e9glises, etc. <\/em>Hij was ook kunstcriticus. Hij was lid van de Koninklijke Academie van Belgi\u00eb.<br \/>\nCharles BULS stierf enkele dagen voor het uitbreken van de 1ste Wereldoorlog op 13 juli 1914 (zijn overlijdensakte is nog niet beschikbaar). Een testament in zijn eigen hand, gedateerd 3 juni 1888, werd gevonden in het huis van de overledene in de rue du Beau-Site: \"Ik wil burgerlijk begraven worden in privacy, zonder toespraken\".<br \/>\nTijdens een vergadering op 14 juli 1914 gaf burgemeester Adolphe <strong>MAX<\/strong> verzocht de Raad te beslissen dat de stad Brussel een monument zou oprichten. In zijn testament bepaalde de overledene dat er geen teken op zijn graf mocht staan. De plaats werd pas in 1917 gekozen en het stadsbestuur besloot om bloemen te planten en een kleine tuin aan te leggen zoals bij militaire graven.<\/span><\/p>\n<p style=\"text-align: left;\"><span style=\"font-size: 14pt;\"><strong><span style=\"font-family: arial, helvetica, sans-serif;\">Lees ook :<\/span><\/strong><\/span><br \/>\n<span style=\"font-family: arial, helvetica, sans-serif; font-size: 12pt;\">https:\/\/plus.lesoir.be\/art\/598900\/article\/14-18\/archives-14-18\/2014-07-14\/mort-m-charles-buls#:~:text=%20Mort%20de%20M.%20Charles%20Buls%20%201,Buls%20re%C3%A7u%2C%20avenue%20Louise%2C%20dans%20des&#8230;%20More%20<\/span><\/p>\n<p style=\"text-align: left;\"><span style=\"font-family: arial, helvetica, sans-serif; font-size: 14pt;\"><strong>Bronnen :<\/strong><br \/>\n<span style=\"font-size: 12pt;\"><strong>BULS<\/strong> Charles, Le petit dictionnaire des Belges, Le cri RTBF 1993, p 88<\/span><br \/>\n<span style=\"font-size: 12pt;\">C\u00e9cilia VANDERVELDE, la n\u00e9crople de Bruxelles, Commissie voor de Geschiedenis van Europa, 1991, p36<\/span><\/span><\/p>","protected":false},"excerpt":{"rendered":"<p>&nbsp; &nbsp; Son p\u00e8re, un orf\u00e8vre bien connu de Bruxelles, lui permit faire des \u00e9tudes dans une ath\u00e9n\u00e9e, Orf\u00e8vre comme son p\u00e8re, Il \u00e9tait un autodidacte lettr\u00e9, et voyageur ; [&hellip;]<\/p>\n","protected":false},"author":2,"featured_media":6942,"comment_status":"closed","ping_status":"open","sticky":false,"template":"","format":"standard","meta":{"_et_pb_use_builder":"","_et_pb_old_content":"","_et_gb_content_width":"","footnotes":""},"categories":[93,89],"tags":[],"class_list":["post-6938","post","type-post","status-publish","format-standard","has-post-thumbnail","hentry","category-nos-pistes","category-personnalites-belges","et-has-post-format-content","et_post_format-et-post-format-standard"],"aioseo_notices":[],"_links":{"self":[{"href":"https:\/\/geniwal.be\/nl\/wp-json\/wp\/v2\/posts\/6938","targetHints":{"allow":["GET"]}}],"collection":[{"href":"https:\/\/geniwal.be\/nl\/wp-json\/wp\/v2\/posts"}],"about":[{"href":"https:\/\/geniwal.be\/nl\/wp-json\/wp\/v2\/types\/post"}],"author":[{"embeddable":true,"href":"https:\/\/geniwal.be\/nl\/wp-json\/wp\/v2\/users\/2"}],"replies":[{"embeddable":true,"href":"https:\/\/geniwal.be\/nl\/wp-json\/wp\/v2\/comments?post=6938"}],"version-history":[{"count":0,"href":"https:\/\/geniwal.be\/nl\/wp-json\/wp\/v2\/posts\/6938\/revisions"}],"wp:featuredmedia":[{"embeddable":true,"href":"https:\/\/geniwal.be\/nl\/wp-json\/wp\/v2\/media\/6942"}],"wp:attachment":[{"href":"https:\/\/geniwal.be\/nl\/wp-json\/wp\/v2\/media?parent=6938"}],"wp:term":[{"taxonomy":"category","embeddable":true,"href":"https:\/\/geniwal.be\/nl\/wp-json\/wp\/v2\/categories?post=6938"},{"taxonomy":"post_tag","embeddable":true,"href":"https:\/\/geniwal.be\/nl\/wp-json\/wp\/v2\/tags?post=6938"}],"curies":[{"name":"wp","href":"https:\/\/api.w.org\/{rel}","templated":true}]}}