{"id":7061,"date":"2021-06-05T10:33:12","date_gmt":"2021-06-05T08:33:12","guid":{"rendered":"https:\/\/geniwal.be\/?p=7061"},"modified":"2023-04-08T15:15:51","modified_gmt":"2023-04-08T13:15:51","slug":"provence-genealogie-165-2012","status":"publish","type":"post","link":"https:\/\/geniwal.be\/nl\/nos-pistes\/bibliotheque-de-geniwal\/provence-genealogie-165-2012\/","title":{"rendered":"PROVENCE GENEALOGIE 165- 2012"},"content":{"rendered":"<p style=\"text-align: left;\"><strong><span style=\"font-size: 14pt;\"><span style=\"font-family: arial, helvetica, sans-serif;\">Link naar de bibliotheekpublicatie van G\u00e9niWal:<\/span><br \/>\n<a href=\"https:\/\/fr.calameo.com\/read\/00329719308821030e214\"><span style=\"font-family: arial, helvetica, sans-serif;\">https:\/\/fr.calameo.com\/read\/00329719308821030e214<\/span><\/a><br \/>\n<\/span><\/strong><\/p>\n<p style=\"text-align: left;\"><strong><span style=\"font-size: 14pt; font-family: arial, helvetica, sans-serif;\">Redactie<\/span><\/strong><\/p>\n<p style=\"text-align: left;\"><span style=\"font-family: arial, helvetica, sans-serif;\">Nieuws van verenigingen<\/span><br \/>\n<span style=\"font-family: arial, helvetica, sans-serif;\">Vragen en antwoorden<\/span><br \/>\n<span style=\"font-family: arial, helvetica, sans-serif;\">Leven in het verleden :<\/span><br \/>\n<span style=\"font-family: arial, helvetica, sans-serif;\">- Overstroming, droogte en een wonder in Riez<\/span><br \/>\n<span style=\"font-family: arial, helvetica, sans-serif;\">- Een moord in Simiane-la-Rotonde in 1722 en een probleem met de familienaam (deel 2)<\/span><br \/>\n<span style=\"font-family: arial, helvetica, sans-serif;\">- De orde van Villers-Cotter\u00eats<\/span><br \/>\n<span style=\"font-family: arial, helvetica, sans-serif;\">- Over Jules de Castellane<\/span><br \/>\n<span style=\"font-family: arial, helvetica, sans-serif;\">- Een blik op het leven in La Saulce in het verleden<\/span><br \/>\n<span style=\"font-family: arial, helvetica, sans-serif;\">- Afstammende genealogie van David Buis<\/span><br \/>\n<span style=\"font-family: arial, helvetica, sans-serif;\">Beroemde mensen :<\/span><br \/>\n<span style=\"font-family: arial, helvetica, sans-serif;\">- Clovis Hugues<\/span><br \/>\n<span style=\"font-family: arial, helvetica, sans-serif;\">- Georges SICARD<\/span><br \/>\n<span style=\"font-family: arial, helvetica, sans-serif;\">- De Sarrazins van Montferrier<\/span><br \/>\n<span style=\"font-family: arial, helvetica, sans-serif;\">Paleografie<\/span><br \/>\n<span style=\"font-family: arial, helvetica, sans-serif;\">Rechten en hulpmiddelen :<\/span><br \/>\n<span style=\"font-family: arial, helvetica, sans-serif;\">- Laatste nieuws<\/span><br \/>\n<span style=\"font-family: arial, helvetica, sans-serif;\">- Over de genealogische bronnen van de Service Historique de la D\u00e9fense<\/span><br \/>\n<span style=\"font-family: arial, helvetica, sans-serif;\">Brieven aan de redactie<\/span><br \/>\n<span style=\"font-family: arial, helvetica, sans-serif;\">Meer lezen<\/span><br \/>\n<span style=\"font-family: arial, helvetica, sans-serif;\">Tijdschriftrecensies<\/span><\/p>\n<p style=\"text-align: left;\"><span style=\"font-size: 14pt; font-family: arial, helvetica, sans-serif;\"><strong>PATRONIEMEN GEVONDEN IN DIT ONDERZOEK (niet-limitatief)<\/strong><\/span><\/p>\n<p style=\"text-align: left;\"><span style=\"font-size: 10pt; font-family: arial, helvetica, sans-serif;\"><span style=\"color: #ff0000;\"><strong>A<\/strong><\/span>LLIER, ALLOARD, AMADE, AMAT, AMIEL, ANDRIANT, ANE, ARNO, AUBERT, AUDIFFRET, AUGEREAU, AUROUZE, AVY.<\/span><br \/>\n<span style=\"font-size: 10pt; font-family: arial, helvetica, sans-serif;\"><span style=\"color: #ff0000;\"><strong>B<\/strong><\/span>ADEL, BALZAC, BARET, BATAILLE, BEGUOIN, BELLIER, BERARD, BERAUD, BERBEYER, BERLIOZ, BERTAUD, BERTRAND, BESSIER, BEYNET, BEYSSIER, BIANCO, BIOLLEY, BIZOT, BLACHON, BLANC, BOCQUILLON, BOHOMME, BOLANDER, BONNET, BORDEL, BOREL, BOSSE, BOSSY, BOUCHET, BOUISSON, BOULLIANE, BOUNET, BOURELLY, BOURRELLY, <\/span><span style=\"font-size: 10pt; font-family: arial, helvetica, sans-serif;\">BOYER, BRAGADIR, BREMOND, BROUQUIER, BUIS.<\/span><br \/>\n<span style=\"font-size: 10pt; font-family: arial, helvetica, sans-serif;\"><span style=\"color: #ff0000;\"><strong>C<\/strong><\/span>APPEAU, CARRATIER, CEALY, CHABANNE, CHABAUD, CHABOT, CHARDON, CHASTAN, CHAUMELIN, CHAUVET, CHAVE, CIAMIN, CLAVEL, CLAVERIE, COLBERT, COLLA, COLOMBIER, COMBRASSIVE, CONIO, CONSOLINE, CONSULITA, CORNU, CORREARD, CORVISIER, COTTA, CREMIEUX.<\/span><br \/>\n<span style=\"font-size: 10pt; font-family: arial, helvetica, sans-serif;\"><span style=\"color: #ff0000;\"><strong>D<\/strong><\/span>AIHERBE, DAUMIER, DAUPHIN, DAVID, DE BAAS, DE BARRAS, DE CASTELLANE, DE COURTOIS, DE HANINS DE MOEKERKE, DE LAUTTE, DE MONTFERRIER, DE PHELIPEAUX, DE REVILLASC DE LACHAU, DE SARCY, DE TALLARD, DE VILLEMUS, DE VILLEROY, DE VILLOUTREYS, DE WIERZCHOWNIA, DELAIRE, DELAUTTE, DELLI PAOLI, DELOUTE, DENANTE, DESALLES, DESCHANEL, D'EYROUX, DIEUDONNAT, DOMBROWSKI, DORANGE, DORVAL, DUFEY, DUPUY.<\/span><br \/>\n<span style=\"font-size: 10pt; font-family: arial, helvetica, sans-serif;\"><span style=\"color: #ff0000;\"><strong>E<\/strong><\/span>NACHE, ESCALLIER, ESCOFFIER, ESSYERIC, EYMAR, EYMIEU, EYRAUD.<\/span><br \/>\n<span style=\"font-size: 10pt; font-family: arial, helvetica, sans-serif;\"><span style=\"color: #ff0000;\"><strong>F<\/strong><\/span>ALLEN, FAURE, FELIX, FERAUD, FERRAND, FERRANT, FERROUIL, FOLLIERO, FOUCOU, FOUQUE, FRANCOIS IER, FUMOUX.<\/span><br \/>\n<span style=\"font-size: 10pt; font-family: arial, helvetica, sans-serif;\"><strong><span style=\"color: #ff0000;\">G<\/span><\/strong>AILLARD, GALISSIAN, GALLICIAN, GAMBETTA, GANNAT, GARAGNON, GARAIX, GARRIC, GAUTHIER, GAUTIER, GENIN, GERMAIN, GIELLI, GIELLY, GIMIN, GIRARD, GIRAUD, GIRAUDE, GIROUSSE, GLAISE, GOFFROY, GOMBERT, GRAN, GRAS, GRASSET, GREUZE, GRIMAUD, GRONLIER, GUDIN, GUEROULT, GUETAT, GUEYRAUD, GUILLACHE, GUIRAINAN, GUIRONNET, GUIS.<\/span><br \/>\n<span style=\"font-size: 10pt; font-family: arial, helvetica, sans-serif;\"><span style=\"color: #ff0000;\"><strong>H<\/strong><\/span>AAS, HARCOURT, HENRI II, HOENE, HONORAT, HUGO, HUGUES, HUMANN.<\/span><br \/>\n<span style=\"font-size: 10pt; font-family: arial, helvetica, sans-serif;\"><span style=\"color: #ff0000;\"><strong>I<\/strong><\/span>RAGNES, ISNARD, ISOARD, IZZO.<\/span><br \/>\n<span style=\"font-size: 10pt; font-family: arial, helvetica, sans-serif;\"><span style=\"color: #ff0000;\"><strong>J<\/strong><\/span>ACOUMIN, JANNET, JAUFFRET, JOUVE, JULIEN.<\/span><br \/>\n<span style=\"font-size: 10pt; font-family: arial, helvetica, sans-serif;\"><span style=\"color: #ff0000;\"><strong>K<\/strong><\/span>OSCIUSZKO.<\/span><br \/>\n<span style=\"font-size: 10pt; font-family: arial, helvetica, sans-serif;\"><span style=\"color: #ff0000;\"><strong>L<\/strong><\/span>AGIER, LAGRANGE, LAINE, LAMBERT, LAN, LAPALIERE, LAPIERRE DE BROUSSEL, LAUGIER, LAURENT, LEBLOND, LETOUZET, LIGONESCHE, LOMBARD, LOMELLINI, LONG, LOUIS, LOUVEL.<\/span><br \/>\n<span style=\"font-size: 10pt; font-family: arial, helvetica, sans-serif;\"><span style=\"color: #ff0000;\"><strong>M<\/strong><\/span>AITRON, MALARTE, MANCIP, MARC, MARCELLIN, MARTIN, MARTINS DE SUBREROQUE, MASSON, MATAILLIER, MATHIEU, MATHIS, MAURRAS, MEIFFREN, MELOR, MERCIER, METAILLER, MEYNAUD, MICHEL, MILLAUD, MOLIERE, MONTESQUIEU, MORENAS, MORIN, MOUHOT, MOUNIER, MOURENAS, MOUTTE.<\/span><br \/>\n<span style=\"font-size: 10pt; font-family: arial, helvetica, sans-serif;\"><span style=\"color: #ff0000;\"><strong>N<\/strong><\/span>APOLEON III, NAQUET, NAVELIER, NEVIERE, NIEL, NOLLENT.<\/span><br \/>\n<span style=\"font-size: 10pt; font-family: arial, helvetica, sans-serif;\"><span style=\"color: #ff0000;\"><strong>P<\/strong><\/span>ARA, PASCAL, PAULEAU, PELICIER, PELLENQ, PELLIZZONE, PELLOUX, PERRIER, PERRINE, PEUSIN, PEYRON, PIERREMORTE, PIN, PISTOYE, PLANTAT, POITEVIN, POIZE, PONS, POUGNAN, PUJOL.<\/span><br \/>\n<span style=\"font-size: 10pt; font-family: arial, helvetica, sans-serif;\"><span style=\"color: #ff0000;\"><strong>R<\/strong><\/span>AIMBOLD D'ESTOURMEL, RANCUREL, RASPAIL, RAYMOND, RENERY, REYBERT, REYNAUD, RICHAUD, RICORD, RIPAUX, RIVET, ROCASOLANO, ROMIEUX, ROQUESOULANE, ROSSI, ROSSINI, ROSSOLIN, ROUCAUD, ROUSSOULIN, ROUSTAN, ROYANNEZ, RUBINO.<\/span><br \/>\n<span style=\"font-size: 10pt; font-family: arial, helvetica, sans-serif;\"><span style=\"color: #ff0000;\"><strong>S<\/strong><\/span>ALLES, SARAZIN, SARCEY, SARRASIN, SARRAZIN, SAUNIER, SCHMITT, SERRE, SICARD, SIDOLE, SIGAUD, SIGNORET, SINIBALDI, SOGNO, SOUMILLE, SOURIN, SOUVAROV, SPANHEIM.<\/span><br \/>\n<span style=\"font-size: 10pt; font-family: arial, helvetica, sans-serif;\"><span style=\"color: #ff0000;\"><strong>T<\/strong><\/span>ALON, TEKEYAN, TERLINDEN, TERMES, THIERS, THOMAS, TREMELLAT, TROPHEME, TROUILLARD, T'SACLAES DE WOMMERSOM, TURREL.<\/span><br \/>\n<span style=\"font-size: 10pt; font-family: arial, helvetica, sans-serif;\"><span style=\"color: #ff0000;\"><strong>V<\/strong><\/span>ALGALIER, VALLES, VANDENHOVE, VAUGINE, VENTURINT, VERAND, VERDIER, VERNEDE, VERNET, VESPIER, VILLERMET, VINCENT, VIOLET, VIONES, VOLLAIRE.<\/span><br \/>\n<span style=\"font-size: 10pt; font-family: arial, helvetica, sans-serif;\"><span style=\"color: #ff0000;\"><strong>W<\/strong><\/span>ILTZER, WRONSKI.<\/span><br \/>\n<span style=\"font-size: 10pt; font-family: arial, helvetica, sans-serif;\"><span style=\"color: #ff0000;\"><strong>X<\/strong><\/span>HEN.<\/span><br \/>\n<span style=\"font-size: 10pt; font-family: arial, helvetica, sans-serif;\"><span style=\"color: #ff0000;\"><strong>Z<\/strong><\/span>ORAYAN.<\/span><\/p>\n<p style=\"text-align: left;\"><strong><span style=\"font-family: arial, helvetica, sans-serif;\">Belangrijke opmerking: pagina's 23 tot 38 zijn niet gescand (registratiebestand voor het 22e Nationaal Genealogie Congres).<\/span><\/strong><\/p>","protected":false},"excerpt":{"rendered":"<p>Lien de consultation de la publication biblioth\u00e8que de G\u00e9niWal\u00a0 : https:\/\/fr.calameo.com\/read\/00329719308821030e214 Editorial Nouvelles des associations Questions et R\u00e9ponses La vie d&rsquo;Autrefois : &#8211; Inondation, s\u00e9cheresse et miracle \u00e0 Riez &#8211; [&hellip;]<\/p>\n","protected":false},"author":2,"featured_media":7067,"comment_status":"closed","ping_status":"open","sticky":false,"template":"","format":"standard","meta":{"_et_pb_use_builder":"","_et_pb_old_content":"","_et_gb_content_width":"","footnotes":""},"categories":[19,253,93],"tags":[],"class_list":["post-7061","post","type-post","status-publish","format-standard","has-post-thumbnail","hentry","category-bibliotheque-de-geniwal","category-livres-genealogiques","category-nos-pistes","et-has-post-format-content","et_post_format-et-post-format-standard"],"aioseo_notices":[],"_links":{"self":[{"href":"https:\/\/geniwal.be\/nl\/wp-json\/wp\/v2\/posts\/7061","targetHints":{"allow":["GET"]}}],"collection":[{"href":"https:\/\/geniwal.be\/nl\/wp-json\/wp\/v2\/posts"}],"about":[{"href":"https:\/\/geniwal.be\/nl\/wp-json\/wp\/v2\/types\/post"}],"author":[{"embeddable":true,"href":"https:\/\/geniwal.be\/nl\/wp-json\/wp\/v2\/users\/2"}],"replies":[{"embeddable":true,"href":"https:\/\/geniwal.be\/nl\/wp-json\/wp\/v2\/comments?post=7061"}],"version-history":[{"count":0,"href":"https:\/\/geniwal.be\/nl\/wp-json\/wp\/v2\/posts\/7061\/revisions"}],"wp:featuredmedia":[{"embeddable":true,"href":"https:\/\/geniwal.be\/nl\/wp-json\/wp\/v2\/media\/7067"}],"wp:attachment":[{"href":"https:\/\/geniwal.be\/nl\/wp-json\/wp\/v2\/media?parent=7061"}],"wp:term":[{"taxonomy":"category","embeddable":true,"href":"https:\/\/geniwal.be\/nl\/wp-json\/wp\/v2\/categories?post=7061"},{"taxonomy":"post_tag","embeddable":true,"href":"https:\/\/geniwal.be\/nl\/wp-json\/wp\/v2\/tags?post=7061"}],"curies":[{"name":"wp","href":"https:\/\/api.w.org\/{rel}","templated":true}]}}