{"id":8102,"date":"2021-12-04T14:58:01","date_gmt":"2021-12-04T13:58:01","guid":{"rendered":"https:\/\/geniwal.be\/?p=8102"},"modified":"2021-12-04T16:18:14","modified_gmt":"2021-12-04T15:18:14","slug":"dechamps-francois-joseph","status":"publish","type":"post","link":"https:\/\/geniwal.be\/nl\/nos-pistes\/pistes-genealogiques-en-belgique\/recherche-14-18\/dechamps-francois-joseph\/","title":{"rendered":"DECHAMPS Fran\u00e7ois Joseph"},"content":{"rendered":"<p><img decoding=\"async\" class=\"aligncenter wp-image-8112 lazyload\" data-src=\"https:\/\/geniwal.be\/wp-content\/uploads\/2021\/12\/Cimetiere-de-Limal-0005-199x300.jpg\" alt=\"\" width=\"300\" height=\"451\" src=\"data:image\/svg+xml;base64,PHN2ZyB3aWR0aD0iMSIgaGVpZ2h0PSIxIiB4bWxucz0iaHR0cDovL3d3dy53My5vcmcvMjAwMC9zdmciPjwvc3ZnPg==\" style=\"--smush-placeholder-width: 300px; --smush-placeholder-aspect-ratio: 300\/451;\" \/><\/p>\n<p style=\"text-align: center;\"><span style=\"font-family: arial, helvetica, sans-serif; font-size: 14pt;\">Soldaat op de 16e<sup>e<\/sup> lijn<\/span><br \/>\n<span style=\"font-family: arial, helvetica, sans-serif; font-size: 14pt;\">Geboren in Limal op 22\/05\/1892<\/span><br \/>\n<span style=\"font-family: arial, helvetica, sans-serif; font-size: 14pt;\">Gesneuveld op 30\/10\/1918<\/span><br \/>\n<span style=\"font-family: arial, helvetica, sans-serif; font-size: 14pt;\">Overleden in de Ocean ambulance in La Panne op 04\/12\/1918<\/span><br \/>\n<span style=\"font-family: arial, helvetica, sans-serif; font-size: 14pt;\">Begrafenis op Limal begraafplaats<\/span><\/p>\n<p>&nbsp;<\/p>","protected":false},"excerpt":{"rendered":"<p>Soldat au 16e de ligne N\u00e9 a Limal le 22\/05\/1892 Tomb\u00e9 au combat le 30\/10\/1918 D\u00e9c\u00e9d\u00e9 \u00e0 l&rsquo;ambulance de l&rsquo;Oc\u00e9an \u00e0 la Panne le 04\/12\/1918 S\u00e9pulture au cimeti\u00e8re de Limal [&hellip;]<\/p>\n","protected":false},"author":2,"featured_media":8112,"comment_status":"closed","ping_status":"open","sticky":false,"template":"","format":"standard","meta":{"_et_pb_use_builder":"","_et_pb_old_content":"","_et_gb_content_width":"","footnotes":""},"categories":[88,93,78],"tags":[],"class_list":["post-8102","post","type-post","status-publish","format-standard","has-post-thumbnail","hentry","category-archives-militaires","category-nos-pistes","category-recherche-14-18","et-has-post-format-content","et_post_format-et-post-format-standard"],"aioseo_notices":[],"_links":{"self":[{"href":"https:\/\/geniwal.be\/nl\/wp-json\/wp\/v2\/posts\/8102","targetHints":{"allow":["GET"]}}],"collection":[{"href":"https:\/\/geniwal.be\/nl\/wp-json\/wp\/v2\/posts"}],"about":[{"href":"https:\/\/geniwal.be\/nl\/wp-json\/wp\/v2\/types\/post"}],"author":[{"embeddable":true,"href":"https:\/\/geniwal.be\/nl\/wp-json\/wp\/v2\/users\/2"}],"replies":[{"embeddable":true,"href":"https:\/\/geniwal.be\/nl\/wp-json\/wp\/v2\/comments?post=8102"}],"version-history":[{"count":0,"href":"https:\/\/geniwal.be\/nl\/wp-json\/wp\/v2\/posts\/8102\/revisions"}],"wp:featuredmedia":[{"embeddable":true,"href":"https:\/\/geniwal.be\/nl\/wp-json\/wp\/v2\/media\/8112"}],"wp:attachment":[{"href":"https:\/\/geniwal.be\/nl\/wp-json\/wp\/v2\/media?parent=8102"}],"wp:term":[{"taxonomy":"category","embeddable":true,"href":"https:\/\/geniwal.be\/nl\/wp-json\/wp\/v2\/categories?post=8102"},{"taxonomy":"post_tag","embeddable":true,"href":"https:\/\/geniwal.be\/nl\/wp-json\/wp\/v2\/tags?post=8102"}],"curies":[{"name":"wp","href":"https:\/\/api.w.org\/{rel}","templated":true}]}}