{"id":8119,"date":"2021-12-04T21:46:21","date_gmt":"2021-12-04T20:46:21","guid":{"rendered":"https:\/\/geniwal.be\/?p=8119"},"modified":"2021-12-04T22:23:20","modified_gmt":"2021-12-04T21:23:20","slug":"depage-antoine","status":"publish","type":"post","link":"https:\/\/geniwal.be\/nl\/nos-pistes\/pistes-genealogiques-en-belgique\/archive-en-belgique\/archives-militaires\/depage-antoine\/","title":{"rendered":"DE PAGE Antoine"},"content":{"rendered":"<p>&nbsp;<\/p>\n<p><img decoding=\"async\" class=\"aligncenter wp-image-8120 lazyload\" data-src=\"https:\/\/geniwal.be\/wp-content\/uploads\/2021\/12\/260px-Antoine_Depage-207x300.jpg\" alt=\"\" width=\"300\" height=\"435\" src=\"data:image\/svg+xml;base64,PHN2ZyB3aWR0aD0iMSIgaGVpZ2h0PSIxIiB4bWxucz0iaHR0cDovL3d3dy53My5vcmcvMjAwMC9zdmciPjwvc3ZnPg==\" style=\"--smush-placeholder-width: 300px; --smush-placeholder-aspect-ratio: 300\/435;\" \/><\/p>\n<p style=\"text-align: center;\"><span style=\"font-family: arial, helvetica, sans-serif; font-size: 14pt;\">Geboren in Boitsfort op <time class=\"nowrap date-lien\" datetime=\"1862-11-28\" data-sort-value=\"1862-11-28\">28 november 1862<\/time> en overleed in Den Haag (Den Hage) op <time class=\"nowrap date-lien\" datetime=\"1925-06-10\" data-sort-value=\"1925-06-10\">10 juni 1925<\/time>.<\/span><\/p>\n<p>&nbsp;<\/p>\n<div id=\"attachment_8125\" style=\"width: 700px\" class=\"wp-caption aligncenter\"><img decoding=\"async\" aria-describedby=\"caption-attachment-8125\" class=\"wp-image-8125 size-full lazyload\" data-src=\"https:\/\/geniwal.be\/wp-content\/uploads\/2021\/12\/COURTRAI_MARIAGES_EC_1890_241.jpg\" alt=\"\" width=\"690\" height=\"468\" data-srcset=\"https:\/\/geniwal.be\/wp-content\/uploads\/2021\/12\/COURTRAI_MARIAGES_EC_1890_241.jpg 690w, https:\/\/geniwal.be\/wp-content\/uploads\/2021\/12\/COURTRAI_MARIAGES_EC_1890_241-450x305.jpg 450w, https:\/\/geniwal.be\/wp-content\/uploads\/2021\/12\/COURTRAI_MARIAGES_EC_1890_241-600x407.jpg 600w\" data-sizes=\"(max-width: 690px) 100vw, 690px\" src=\"data:image\/svg+xml;base64,PHN2ZyB3aWR0aD0iMSIgaGVpZ2h0PSIxIiB4bWxucz0iaHR0cDovL3d3dy53My5vcmcvMjAwMC9zdmciPjwvc3ZnPg==\" style=\"--smush-placeholder-width: 690px; --smush-placeholder-aspect-ratio: 690\/468;\" \/><p id=\"caption-attachment-8125\" class=\"wp-caption-text\">Geboorteakte voor DE PAGE Antoine<\/p><\/div>\n<p>&nbsp;<\/p>\n<p style=\"text-align: center;\"><span style=\"font-family: arial, helvetica, sans-serif; font-size: 14pt;\">Dokter in de Geneeskunde, chirurg, professor aan de Universit\u00e9 Libre de Bruxelles, organisator van de gezondheidsdiensten van het leger in 1914-1918, stichter van de eerste Belgische verpleegschool, die hij toevertrouwde aan Edith Cavell, stichter van de Belgian Society of Surgery, schepper van de internationale review <em>Het chirurgische jaar<\/em>secretaris van de Internationale Vereniging voor Heelkunde, voorzitter van het Rode Kruis, lid van de Koninklijke Academie van Belgi\u00eb, liberaal politicus, senator voor Brussel van 1920 tot 1925.<br \/>\nTijdens de oorlog vroeg koningin Elisabeth II hem een ziekenhuis op te zetten achter de frontlinie, met een ambulance genaamd Oc\u00e9an. In 1914 had het ziekenhuis 200 bedden en op het hoogtepunt van de oorlog 1914-1918 bijna 2000 bedden.\u00a0<\/span><\/p>\n<p>&nbsp;<\/p>\n<p style=\"text-align: left;\"><span style=\"font-family: arial, helvetica, sans-serif; font-size: 14pt;\"><strong>Bronnen :<\/strong><\/span><\/p>\n<p style=\"text-align: left;\"><span style=\"font-family: arial, helvetica, sans-serif; font-size: 14pt;\"><a href=\"https:\/\/www.rtbf.be\/14-18\/article_la-panne-et-l-ambulance-de-l-ocean?id=8295427\">https:\/\/www.rtbf.be\/14-18\/article_la-panne-et-l-ambulance-de-l-ocean?id=8295427<\/a><\/span><br \/>\n<span style=\"font-family: arial, helvetica, sans-serif; font-size: 14pt;\"><a href=\"https:\/\/fr.wikipedia.org\/wiki\/Antoine_Depage\">https:\/\/fr.wikipedia.org\/wiki\/Antoine_Depage<\/a><\/span><\/p>\n<p>&nbsp;<\/p>\n<p>&nbsp;<\/p>","protected":false},"excerpt":{"rendered":"<p>&nbsp; N\u00e9 \u00e0 Boitsfort le 28\u00a0novembre\u00a01862 et d\u00e9c\u00e9d\u00e9 \u00e0 La Haye (Den Hage) le 10\u00a0juin\u00a01925. &nbsp; &nbsp; Docteur en m\u00e9decine, chirurgien, professeur \u00e0 l&rsquo;universit\u00e9 libre de Bruxelles, organisateur des services [&hellip;]<\/p>\n","protected":false},"author":2,"featured_media":8125,"comment_status":"closed","ping_status":"open","sticky":false,"template":"","format":"standard","meta":{"_et_pb_use_builder":"","_et_pb_old_content":"","_et_gb_content_width":"","footnotes":""},"categories":[88,93,89],"tags":[],"class_list":["post-8119","post","type-post","status-publish","format-standard","has-post-thumbnail","hentry","category-archives-militaires","category-nos-pistes","category-personnalites-belges","et-has-post-format-content","et_post_format-et-post-format-standard"],"aioseo_notices":[],"_links":{"self":[{"href":"https:\/\/geniwal.be\/nl\/wp-json\/wp\/v2\/posts\/8119","targetHints":{"allow":["GET"]}}],"collection":[{"href":"https:\/\/geniwal.be\/nl\/wp-json\/wp\/v2\/posts"}],"about":[{"href":"https:\/\/geniwal.be\/nl\/wp-json\/wp\/v2\/types\/post"}],"author":[{"embeddable":true,"href":"https:\/\/geniwal.be\/nl\/wp-json\/wp\/v2\/users\/2"}],"replies":[{"embeddable":true,"href":"https:\/\/geniwal.be\/nl\/wp-json\/wp\/v2\/comments?post=8119"}],"version-history":[{"count":0,"href":"https:\/\/geniwal.be\/nl\/wp-json\/wp\/v2\/posts\/8119\/revisions"}],"wp:featuredmedia":[{"embeddable":true,"href":"https:\/\/geniwal.be\/nl\/wp-json\/wp\/v2\/media\/8125"}],"wp:attachment":[{"href":"https:\/\/geniwal.be\/nl\/wp-json\/wp\/v2\/media?parent=8119"}],"wp:term":[{"taxonomy":"category","embeddable":true,"href":"https:\/\/geniwal.be\/nl\/wp-json\/wp\/v2\/categories?post=8119"},{"taxonomy":"post_tag","embeddable":true,"href":"https:\/\/geniwal.be\/nl\/wp-json\/wp\/v2\/tags?post=8119"}],"curies":[{"name":"wp","href":"https:\/\/api.w.org\/{rel}","templated":true}]}}