{"id":8436,"date":"2022-04-09T13:15:43","date_gmt":"2022-04-09T11:15:43","guid":{"rendered":"https:\/\/geniwal.be\/?p=8436"},"modified":"2022-04-13T22:39:54","modified_gmt":"2022-04-13T20:39:54","slug":"belgique","status":"publish","type":"post","link":"https:\/\/geniwal.be\/nl\/nos-pistes\/karolus\/belgique\/","title":{"rendered":"Belgi\u00eb"},"content":{"rendered":"<p><img decoding=\"async\" class=\"size-full wp-image-8437 aligncenter lazyload\" data-src=\"https:\/\/geniwal.be\/wp-content\/uploads\/2022\/04\/Flag_of_Belgium_civil.svg.png\" alt=\"\" width=\"225\" height=\"150\" src=\"data:image\/svg+xml;base64,PHN2ZyB3aWR0aD0iMSIgaGVpZ2h0PSIxIiB4bWxucz0iaHR0cDovL3d3dy53My5vcmcvMjAwMC9zdmciPjwvc3ZnPg==\" style=\"--smush-placeholder-width: 225px; --smush-placeholder-aspect-ratio: 225\/150;\" \/><\/p>\n<p>&nbsp;<\/p>\n<p style=\"text-align: left;\"><span style=\"font-size: 14pt; font-family: arial, helvetica, sans-serif;\">Door de eeuwen heen zijn de archieven van de centrale instellingen van het Ancien R\u00e9gime op de meest uiteenlopende locaties bewaard. De Franse wetten van 7 Messidor Jaar II (25 juni 1794) legden de basis voor de Archives Nationales door alle staatstitels in ons land samen te brengen.<\/span><br \/>\n<span style=\"font-size: 14pt; font-family: arial, helvetica, sans-serif;\">De hereniging van de voormalige Nederlanden met Frankrijk in 1796 maakte deze wet van toepassing op ons grondgebied en 5 Brumaire an V (26 oktober 1796) organiseerde de zaken op departementaal niveau:\u00a0<\/span><br \/>\n<span style=\"font-size: 14pt; font-family: arial, helvetica, sans-serif;\">Art. I. De centrale administraties van de departementen zullen in de provinciestad van het departement alle titels en papieren samenbrengen die behoren tot de bewaarplaatsen van de republiek.<\/span><br \/>\n<span style=\"font-size: 14pt; font-family: arial, helvetica, sans-serif;\">Art. II. Het Directoire ex\u00e9cutif kan hun tijdelijke verhuizing naar nationale gebouwen toestaan, op voorwaarde dat zij binnen drie maanden verslag uitbrengen aan het Corps L\u00e9gislatif, dat de uiteindelijke beslissing neemt. Deze verhuizing vindt zoveel mogelijk plaats in de gebouwen die bestemd zijn voor de vergaderingen van de centrale besturen van het departement.<\/span><\/p>\n<p style=\"text-align: left;\"><span style=\"font-size: 14pt; font-family: arial, helvetica, sans-serif;\"><strong>De verschillende archiefcollecties in Belgi\u00eb<\/strong><\/span><\/p>\n<p style=\"text-align: left;\"><a href=\"https:\/\/geniwal.be\/nl\/non-classe\/chambres-des-comptes\/\"><span style=\"font-size: 14pt; font-family: arial, helvetica, sans-serif;\">Controlekamers<\/span><\/a><br \/>\n<a href=\"https:\/\/geniwal.be\/nl\/non-classe\/chartes-de-brabant\/\"><span style=\"font-size: 14pt; font-family: arial, helvetica, sans-serif;\">Brabant Charters<\/span><\/a><br \/>\n<span style=\"font-size: 14pt; font-family: arial, helvetica, sans-serif;\">Raad van State<\/span><br \/>\n<span style=\"font-size: 14pt; font-family: arial, helvetica, sans-serif;\">Priv\u00e9 advies<\/span><br \/>\n<span style=\"font-size: 14pt; font-family: arial, helvetica, sans-serif;\">Raad van Financi\u00ebn<\/span><br \/>\n<span style=\"font-size: 14pt; font-family: arial, helvetica, sans-serif;\">Algemene Overheidsraad<\/span><br \/>\n<span style=\"font-size: 14pt; font-family: arial, helvetica, sans-serif;\">Publiek<\/span><br \/>\n<span style=\"font-size: 14pt; font-family: arial, helvetica, sans-serif;\">Staats- en Oorlogssecretariaat<\/span><br \/>\n<span style=\"font-size: 14pt; font-family: arial, helvetica, sans-serif;\">Oostenrijkse Kanselarij in Nederland<\/span><br \/>\n<span style=\"font-size: 14pt; font-family: arial, helvetica, sans-serif;\">Kerkelijke archieven<\/span><br \/>\n<span style=\"font-size: 14pt; font-family: arial, helvetica, sans-serif;\">Scabinale transplantaten<\/span><br \/>\n<span style=\"font-size: 14pt; font-family: arial, helvetica, sans-serif;\">Notaris<\/span><br \/>\n<span style=\"font-size: 14pt; font-family: arial, helvetica, sans-serif;\">Brabant Raad<\/span><br \/>\n<span style=\"font-size: 14pt; font-family: arial, helvetica, sans-serif;\">Grote Raad der Nederlanden<\/span><br \/>\n<span style=\"font-size: 14pt; font-family: arial, helvetica, sans-serif;\">Staten van Brabant<\/span><\/p>\n<p style=\"text-align: left;\"><span style=\"font-family: arial, helvetica, sans-serif; font-size: 14pt;\">Klik hier voor meer informatie:<span style=\"color: #0000ff;\"> <a style=\"color: #0000ff;\" href=\"https:\/\/arch.arch.be\/index.php?l=fr&amp;m=ressources-en-ligne&amp;r=archives-en-ligne&amp;sr=moyen-age\">https:\/\/arch.arch.be\/index.php?l=fr&amp;m=ressources-en-ligne&amp;r=archives-en-ligne&amp;sr=moyen-age<\/a><\/span><\/span><\/p>\n<p style=\"text-align: left;\"><span style=\"font-family: arial, helvetica, sans-serif;\"><strong>Bronnen :\u00a0<\/strong><\/span><span style=\"font-family: arial, helvetica, sans-serif;\">Les archives centrales et le quartier de la cour, AR &amp; AGR, tentoonstelling ter gelegenheid van het tweehonderdjarig bestaan van het Rijksarchief, 1996, pagina 7.<\/span><\/p>","protected":false},"excerpt":{"rendered":"<p>&nbsp; Les archives des institutions centrales de l&rsquo;ancien r\u00e9gime ont connu au cours des si\u00e8cles des lieux de conservation fort divers. Les lois fran\u00e7aises du 7 messidor an II (25 [&hellip;]<\/p>\n","protected":false},"author":2,"featured_media":8437,"comment_status":"closed","ping_status":"open","sticky":false,"template":"","format":"standard","meta":{"_et_pb_use_builder":"","_et_pb_old_content":"","_et_gb_content_width":"","footnotes":""},"categories":[69,65],"tags":[],"class_list":["post-8436","post","type-post","status-publish","format-standard","has-post-thumbnail","hentry","category-europe-occidentale","category-karolus","et-has-post-format-content","et_post_format-et-post-format-standard"],"aioseo_notices":[],"_links":{"self":[{"href":"https:\/\/geniwal.be\/nl\/wp-json\/wp\/v2\/posts\/8436","targetHints":{"allow":["GET"]}}],"collection":[{"href":"https:\/\/geniwal.be\/nl\/wp-json\/wp\/v2\/posts"}],"about":[{"href":"https:\/\/geniwal.be\/nl\/wp-json\/wp\/v2\/types\/post"}],"author":[{"embeddable":true,"href":"https:\/\/geniwal.be\/nl\/wp-json\/wp\/v2\/users\/2"}],"replies":[{"embeddable":true,"href":"https:\/\/geniwal.be\/nl\/wp-json\/wp\/v2\/comments?post=8436"}],"version-history":[{"count":0,"href":"https:\/\/geniwal.be\/nl\/wp-json\/wp\/v2\/posts\/8436\/revisions"}],"wp:featuredmedia":[{"embeddable":true,"href":"https:\/\/geniwal.be\/nl\/wp-json\/wp\/v2\/media\/8437"}],"wp:attachment":[{"href":"https:\/\/geniwal.be\/nl\/wp-json\/wp\/v2\/media?parent=8436"}],"wp:term":[{"taxonomy":"category","embeddable":true,"href":"https:\/\/geniwal.be\/nl\/wp-json\/wp\/v2\/categories?post=8436"},{"taxonomy":"post_tag","embeddable":true,"href":"https:\/\/geniwal.be\/nl\/wp-json\/wp\/v2\/tags?post=8436"}],"curies":[{"name":"wp","href":"https:\/\/api.w.org\/{rel}","templated":true}]}}