{"id":8567,"date":"2022-05-13T17:59:38","date_gmt":"2022-05-13T15:59:38","guid":{"rendered":"https:\/\/geniwal.be\/?p=8567"},"modified":"2022-05-13T21:15:24","modified_gmt":"2022-05-13T19:15:24","slug":"les-cures-de-villers-la-ville-de-1511-a-1870","status":"publish","type":"post","link":"https:\/\/geniwal.be\/nl\/nos-pistes\/non-classe\/les-cures-de-villers-la-ville-de-1511-a-1870\/","title":{"rendered":"De pastoors van Villers-la-Ville van 1511 tot 1870"},"content":{"rendered":"<p style=\"text-align: left;\"><span style=\"font-family: arial, helvetica, sans-serif; font-size: 14pt;\"><strong>RUFFIN Jean<\/strong>Hij werd tot pastoor benoemd in 1511 en stierf in 1557, nadat hij de parochie 46 jaar lang had beheerd.<\/span><\/p>\n<p style=\"text-align: left;\"><span style=\"font-family: arial, helvetica, sans-serif; font-size: 14pt;\"><strong>Nicolas YERNAU<\/strong>aangesteld in 1557, stierf in 1577 na 20 jaar in functie te zijn geweest.<\/span><\/p>\n<p style=\"text-align: left;\"><span style=\"font-family: arial, helvetica, sans-serif; font-size: 14pt;\"><strong>TOUSSAINT Jean<\/strong> van Villers-la-Ville, benoemd in 1577, overleden op 20\/06\/1619. Hij legde zijn pastoraat neer in 1618, na daar 41 jaar pastoor te zijn geweest.<\/span><\/p>\n<p style=\"text-align: left;\"><span style=\"font-family: arial, helvetica, sans-serif; font-size: 14pt;\"><strong>DELFORGE Jean<\/strong>aangesteld in 1618 en overleden op 26\/01\/1662 na 44 jaar de parochie te hebben beheerd.<\/span><\/p>\n<p style=\"text-align: left;\"><span style=\"font-family: arial, helvetica, sans-serif; font-size: 14pt;\"><strong>DELVAUX Simon<\/strong>Hij werd benoemd in 1663 en stierf op 16\/02\/1677 na 14 jaar dienst. Hij was 9 jaar lang pastoor van Marbaix.<\/span><\/p>\n<p style=\"text-align: left;\"><span style=\"font-family: arial, helvetica, sans-serif; font-size: 14pt;\"><strong>BAUDE Fran\u00e7ois<\/strong>aangesteld in 1677 en stierf in 1716, na 39 jaar gediend te hebben.<\/span><\/p>\n<p style=\"text-align: left;\"><span style=\"font-family: arial, helvetica, sans-serif; font-size: 14pt;\"><strong>DESSART Jean Baptiste<\/strong>benoemd in 1715 en overleden op 26 mei 1755, na 39 jaar te hebben gediend, was hij tegelijkertijd deken van de Cantille (<i>het altaar van de Dominus Flevit kerk in Genappe.<\/i><\/span><\/p>\n<p style=\"text-align: left;\"><span style=\"font-family: arial, helvetica, sans-serif; font-size: 14pt;\"><strong>PETIT Charles Philippe<\/strong>benoemd in 1755 en overleden op 30\/07\/1800, na 47 jaar in dienst te zijn geweest.<\/span><\/p>\n<p style=\"text-align: left;\"><span style=\"font-family: arial, helvetica, sans-serif; font-size: 14pt;\"><strong>VRAY Nicolas<\/strong>Hij werd benoemd tot predikant in 1801 en vertrok in 1803 om pastoor van Limelette te worden.<\/span><\/p>\n<p style=\"text-align: left;\"><span style=\"font-family: arial, helvetica, sans-serif; font-size: 14pt;\"><strong>TAYMANS E<\/strong>De pastoor van Sart-Dame-Aveline werd aangesteld in 1803 en vertrok in maart 1804.<\/span><\/p>\n<p style=\"text-align: left;\"><span style=\"font-family: arial, helvetica, sans-serif; font-size: 14pt;\"><strong>GAUTOT Jean Fran\u00e7ois<\/strong>benoemd op 17\/04\/1805, die na 26 jaar de parochie gediend te hebben op 18\/04\/1831 ontslag nam vanwege zijn leeftijd om zich terug te trekken in Fleurus, waar hij in 1855 op 96-jarige leeftijd overleed.<\/span><\/p>\n<p style=\"text-align: left;\"><span style=\"font-family: arial, helvetica, sans-serif; font-size: 14pt;\"><strong>ROULIN Pierre<\/strong>geboren te Brussel op 01\/05\/1802, trad in het seminarie van Mechelen op 29\/09\/1820, priester gewijd op 18\/09\/1824, benoemd tot pastoor te Eigenbrakel op 18\/09\/1824, benoemd tot pastoor te Villers-la-Ville op 28\/06\/1831, overleden aldaar op onbekende datum.<\/span><\/p>\n<p style=\"text-align: left;\"><span style=\"font-family: arial, helvetica, sans-serif; font-size: 14pt;\"><strong>PIERSON Victor<\/strong>priester gewijd in 1870, co-adjutor te Houtain-le Val in 1871, pastoor te Marbais in 1884, benoemd tot pastoor te Villers-la-Ville op 22\/10\/1886, overleden aldaar op 14\/06\/1907<\/span><\/p>\n<p style=\"text-align: left;\"><span style=\"font-family: arial, helvetica, sans-serif; font-size: 14pt;\">N.B.: Deze lijst is afkomstig uit handgeschreven archieven die tussen 1940 en 1950 zijn gemaakt en aan G\u00e9niWal zijn geschonken, waarvan de auteur onbekend is.<\/span><\/p>\n<p>&nbsp;<\/p>\n<p>&nbsp;<\/p>","protected":false},"excerpt":{"rendered":"<p>RUFFIN Jean, nomm\u00e9 cur\u00e9 en 1511 et d\u00e9c\u00e9d\u00e9 en 1557 apr\u00e8s avoir administr\u00e9 sa paroisse pendant 46 ans. YERNAU Nicolas, nomm\u00e9 en 1557 d\u00e9c\u00e9d\u00e9 en 1577 apr\u00e8s avoir administr\u00e9 pendant [&hellip;]<\/p>\n","protected":false},"author":2,"featured_media":9022,"comment_status":"closed","ping_status":"open","sticky":false,"template":"","format":"standard","meta":{"_et_pb_use_builder":"","_et_pb_old_content":"","_et_gb_content_width":"","footnotes":""},"categories":[1],"tags":[],"class_list":["post-8567","post","type-post","status-publish","format-standard","has-post-thumbnail","hentry","category-non-classe","et-has-post-format-content","et_post_format-et-post-format-standard"],"aioseo_notices":[],"_links":{"self":[{"href":"https:\/\/geniwal.be\/nl\/wp-json\/wp\/v2\/posts\/8567","targetHints":{"allow":["GET"]}}],"collection":[{"href":"https:\/\/geniwal.be\/nl\/wp-json\/wp\/v2\/posts"}],"about":[{"href":"https:\/\/geniwal.be\/nl\/wp-json\/wp\/v2\/types\/post"}],"author":[{"embeddable":true,"href":"https:\/\/geniwal.be\/nl\/wp-json\/wp\/v2\/users\/2"}],"replies":[{"embeddable":true,"href":"https:\/\/geniwal.be\/nl\/wp-json\/wp\/v2\/comments?post=8567"}],"version-history":[{"count":0,"href":"https:\/\/geniwal.be\/nl\/wp-json\/wp\/v2\/posts\/8567\/revisions"}],"wp:featuredmedia":[{"embeddable":true,"href":"https:\/\/geniwal.be\/nl\/wp-json\/wp\/v2\/media\/9022"}],"wp:attachment":[{"href":"https:\/\/geniwal.be\/nl\/wp-json\/wp\/v2\/media?parent=8567"}],"wp:term":[{"taxonomy":"category","embeddable":true,"href":"https:\/\/geniwal.be\/nl\/wp-json\/wp\/v2\/categories?post=8567"},{"taxonomy":"post_tag","embeddable":true,"href":"https:\/\/geniwal.be\/nl\/wp-json\/wp\/v2\/tags?post=8567"}],"curies":[{"name":"wp","href":"https:\/\/api.w.org\/{rel}","templated":true}]}}